{"id":19544,"date":"2012-02-29T17:38:00","date_gmt":"2012-02-29T17:38:00","guid":{"rendered":"http:\/\/localhost:81\/wp1\/?p=19544"},"modified":"2012-02-29T17:38:00","modified_gmt":"2012-02-29T17:38:00","slug":"anadia-promove-concurso-o-meu-planeta-azul","status":"publish","type":"post","link":"https:\/\/sites.ecclesia.pt\/cv\/anadia-promove-concurso-o-meu-planeta-azul\/","title":{"rendered":"Anadia promove concurso &#8220;O meu planeta azul&#8221;"},"content":{"rendered":"<p>No \u00e2mbito das comemora\u00e7\u00f5es dos dias mundial da \u00c1rvore, da Poesia (ambos a 21 mar\u00e7o) e da \u00c1gua (22 mar\u00e7o), a C\u00e2mara Municipal de Anadia promove o concurso escolar \u201cO meu planeta azul\u201d, dirigido aos alunos do 1.\u00ba ciclo do ensino b\u00e1sico (participam com poemas) e do ensino pr\u00e9-escolar (com ilustra\u00e7\u00f5es), do Agrupamento de Escolas de Anadia.<\/p>\n<p>O poema e ilustra\u00e7\u00e3o vencedores far\u00e3o parte de todos os materiais camar\u00e1rios de sensibiliza\u00e7\u00e3o sobre a preserva\u00e7\u00e3o do meio ambiente.<\/p>\n","protected":false},"excerpt":{"rendered":"<p>No \u00e2mbito das comemora\u00e7\u00f5es dos dias mundial da \u00c1rvore, da Poesia (ambos a 21 mar\u00e7o) e da \u00c1gua (22 mar\u00e7o), a C\u00e2mara Municipal de Anadia promove o concurso escolar \u201cO meu planeta azul\u201d, dirigido aos alunos do 1.\u00ba ciclo do ensino b\u00e1sico (participam com poemas) e do ensino pr\u00e9-escolar (com ilustra\u00e7\u00f5es), do Agrupamento de Escolas [&hellip;]<\/p>\n","protected":false},"author":1,"featured_media":0,"comment_status":"open","ping_status":"open","sticky":false,"template":"","format":"standard","meta":{"footnotes":""},"categories":[45],"tags":[],"class_list":["post-19544","post","type-post","status-publish","format-standard","hentry","category-regioes"],"_links":{"self":[{"href":"https:\/\/sites.ecclesia.pt\/cv\/wp-json\/wp\/v2\/posts\/19544","targetHints":{"allow":["GET"]}}],"collection":[{"href":"https:\/\/sites.ecclesia.pt\/cv\/wp-json\/wp\/v2\/posts"}],"about":[{"href":"https:\/\/sites.ecclesia.pt\/cv\/wp-json\/wp\/v2\/types\/post"}],"author":[{"embeddable":true,"href":"https:\/\/sites.ecclesia.pt\/cv\/wp-json\/wp\/v2\/users\/1"}],"replies":[{"embeddable":true,"href":"https:\/\/sites.ecclesia.pt\/cv\/wp-json\/wp\/v2\/comments?post=19544"}],"version-history":[{"count":0,"href":"https:\/\/sites.ecclesia.pt\/cv\/wp-json\/wp\/v2\/posts\/19544\/revisions"}],"wp:attachment":[{"href":"https:\/\/sites.ecclesia.pt\/cv\/wp-json\/wp\/v2\/media?parent=19544"}],"wp:term":[{"taxonomy":"category","embeddable":true,"href":"https:\/\/sites.ecclesia.pt\/cv\/wp-json\/wp\/v2\/categories?post=19544"},{"taxonomy":"post_tag","embeddable":true,"href":"https:\/\/sites.ecclesia.pt\/cv\/wp-json\/wp\/v2\/tags?post=19544"}],"curies":[{"name":"wp","href":"https:\/\/api.w.org\/{rel}","templated":true}]}}