{"id":19628,"date":"2012-02-29T17:35:00","date_gmt":"2012-02-29T17:35:00","guid":{"rendered":"http:\/\/localhost:81\/wp1\/?p=19628"},"modified":"2012-02-29T17:35:00","modified_gmt":"2012-02-29T17:35:00","slug":"laos-2","status":"publish","type":"post","link":"https:\/\/sites.ecclesia.pt\/cv\/laos-2\/","title":{"rendered":"Laos"},"content":{"rendered":"<p>Crist\u00e3os no Mundo <!--more--> As autoridades confiscaram duas igrejas nos \u00faltimos dois meses, a \u00faltima a 22 de fevereiro, e o mesmo destino pode suceder a 22 edif\u00edcios crist\u00e3os. Os arrestos na prov\u00edncia de Savannakhet ocorreram ap\u00f3s uma a\u00e7\u00e3o de forma\u00e7\u00e3o sobre \u201cos truques do inimigo\u201d, que o Partido Comunista realizou com o objetivo de \u201cdesvendar as manobras dos crist\u00e3os\u201d, refere uma organiza\u00e7\u00e3o de defesa dos direitos humanos.<\/p>\n","protected":false},"excerpt":{"rendered":"<p>Crist\u00e3os no Mundo<\/p>\n","protected":false},"author":1,"featured_media":0,"comment_status":"open","ping_status":"open","sticky":false,"template":"","format":"standard","meta":{"footnotes":""},"categories":[55],"tags":[],"class_list":["post-19628","post","type-post","status-publish","format-standard","hentry","category-igreja-no-mundo"],"_links":{"self":[{"href":"https:\/\/sites.ecclesia.pt\/cv\/wp-json\/wp\/v2\/posts\/19628","targetHints":{"allow":["GET"]}}],"collection":[{"href":"https:\/\/sites.ecclesia.pt\/cv\/wp-json\/wp\/v2\/posts"}],"about":[{"href":"https:\/\/sites.ecclesia.pt\/cv\/wp-json\/wp\/v2\/types\/post"}],"author":[{"embeddable":true,"href":"https:\/\/sites.ecclesia.pt\/cv\/wp-json\/wp\/v2\/users\/1"}],"replies":[{"embeddable":true,"href":"https:\/\/sites.ecclesia.pt\/cv\/wp-json\/wp\/v2\/comments?post=19628"}],"version-history":[{"count":0,"href":"https:\/\/sites.ecclesia.pt\/cv\/wp-json\/wp\/v2\/posts\/19628\/revisions"}],"wp:attachment":[{"href":"https:\/\/sites.ecclesia.pt\/cv\/wp-json\/wp\/v2\/media?parent=19628"}],"wp:term":[{"taxonomy":"category","embeddable":true,"href":"https:\/\/sites.ecclesia.pt\/cv\/wp-json\/wp\/v2\/categories?post=19628"},{"taxonomy":"post_tag","embeddable":true,"href":"https:\/\/sites.ecclesia.pt\/cv\/wp-json\/wp\/v2\/tags?post=19628"}],"curies":[{"name":"wp","href":"https:\/\/api.w.org\/{rel}","templated":true}]}}