{"id":19629,"date":"2012-02-29T17:38:00","date_gmt":"2012-02-29T17:38:00","guid":{"rendered":"http:\/\/localhost:81\/wp1\/?p=19629"},"modified":"2012-02-29T17:38:00","modified_gmt":"2012-02-29T17:38:00","slug":"exportacoes-por-via-ferrea-para-a-alemanha","status":"publish","type":"post","link":"https:\/\/sites.ecclesia.pt\/cv\/exportacoes-por-via-ferrea-para-a-alemanha\/","title":{"rendered":"Exporta\u00e7\u00f5es por via f\u00e9rrea para a Alemanha"},"content":{"rendered":"<p>No dia 3 de fevereiro teve in\u00edcio o transporte ferrovi\u00e1rio de mercadorias entre Portugal e a Alemanha, abrindo um novo caminho aos empres\u00e1rios portugueses que pretendam exportar os seus produtos para o maior mercado europeu. Com uma frequ\u00eancia semanal, cada comboio \u00e9 composto por 29 caixas m\u00f3veis, tem um comprimento de 500m e transporta 1010 toneladas brutas. Face \u00e0 avalia\u00e7\u00e3o desta primeira fase de opera\u00e7\u00e3o est\u00e1 prevista a duplica\u00e7\u00e3o da oferta, atrav\u00e9s de uma segunda liga\u00e7\u00e3o semanal, j\u00e1 no segundo semestre deste ano.<\/p>\n","protected":false},"excerpt":{"rendered":"<p>No dia 3 de fevereiro teve in\u00edcio o transporte ferrovi\u00e1rio de mercadorias entre Portugal e a Alemanha, abrindo um novo caminho aos empres\u00e1rios portugueses que pretendam exportar os seus produtos para o maior mercado europeu. Com uma frequ\u00eancia semanal, cada comboio \u00e9 composto por 29 caixas m\u00f3veis, tem um comprimento de 500m e transporta 1010 [&hellip;]<\/p>\n","protected":false},"author":1,"featured_media":0,"comment_status":"open","ping_status":"open","sticky":false,"template":"","format":"standard","meta":{"footnotes":""},"categories":[45],"tags":[],"class_list":["post-19629","post","type-post","status-publish","format-standard","hentry","category-regioes"],"_links":{"self":[{"href":"https:\/\/sites.ecclesia.pt\/cv\/wp-json\/wp\/v2\/posts\/19629","targetHints":{"allow":["GET"]}}],"collection":[{"href":"https:\/\/sites.ecclesia.pt\/cv\/wp-json\/wp\/v2\/posts"}],"about":[{"href":"https:\/\/sites.ecclesia.pt\/cv\/wp-json\/wp\/v2\/types\/post"}],"author":[{"embeddable":true,"href":"https:\/\/sites.ecclesia.pt\/cv\/wp-json\/wp\/v2\/users\/1"}],"replies":[{"embeddable":true,"href":"https:\/\/sites.ecclesia.pt\/cv\/wp-json\/wp\/v2\/comments?post=19629"}],"version-history":[{"count":0,"href":"https:\/\/sites.ecclesia.pt\/cv\/wp-json\/wp\/v2\/posts\/19629\/revisions"}],"wp:attachment":[{"href":"https:\/\/sites.ecclesia.pt\/cv\/wp-json\/wp\/v2\/media?parent=19629"}],"wp:term":[{"taxonomy":"category","embeddable":true,"href":"https:\/\/sites.ecclesia.pt\/cv\/wp-json\/wp\/v2\/categories?post=19629"},{"taxonomy":"post_tag","embeddable":true,"href":"https:\/\/sites.ecclesia.pt\/cv\/wp-json\/wp\/v2\/tags?post=19629"}],"curies":[{"name":"wp","href":"https:\/\/api.w.org\/{rel}","templated":true}]}}