{"id":19665,"date":"2012-02-29T17:34:00","date_gmt":"2012-02-29T17:34:00","guid":{"rendered":"http:\/\/localhost:81\/wp1\/?p=19665"},"modified":"2012-02-29T17:34:00","modified_gmt":"2012-02-29T17:34:00","slug":"cuba-15","status":"publish","type":"post","link":"https:\/\/sites.ecclesia.pt\/cv\/cuba-15\/","title":{"rendered":"Cuba"},"content":{"rendered":"<p>Crist\u00e3os no Mundo <!--more--> A possibilidade de Fidel Castro regressar ao seio da Igreja Cat\u00f3lica durante a pr\u00f3xima visita do Papa Bento XVI tem sido um tema de grande especula\u00e7\u00e3o na imprensa italiana. Alina Fern\u00e1ndez, filha de Fidel, cat\u00f3lica devota, disse ao \u201cLa Repubblica\u201d que o seu pai \u201cse aproximou da religi\u00e3o e de Deus\u201d.<\/p>\n","protected":false},"excerpt":{"rendered":"<p>Crist\u00e3os no Mundo<\/p>\n","protected":false},"author":1,"featured_media":0,"comment_status":"open","ping_status":"open","sticky":false,"template":"","format":"standard","meta":{"footnotes":""},"categories":[55],"tags":[],"class_list":["post-19665","post","type-post","status-publish","format-standard","hentry","category-igreja-no-mundo"],"_links":{"self":[{"href":"https:\/\/sites.ecclesia.pt\/cv\/wp-json\/wp\/v2\/posts\/19665","targetHints":{"allow":["GET"]}}],"collection":[{"href":"https:\/\/sites.ecclesia.pt\/cv\/wp-json\/wp\/v2\/posts"}],"about":[{"href":"https:\/\/sites.ecclesia.pt\/cv\/wp-json\/wp\/v2\/types\/post"}],"author":[{"embeddable":true,"href":"https:\/\/sites.ecclesia.pt\/cv\/wp-json\/wp\/v2\/users\/1"}],"replies":[{"embeddable":true,"href":"https:\/\/sites.ecclesia.pt\/cv\/wp-json\/wp\/v2\/comments?post=19665"}],"version-history":[{"count":0,"href":"https:\/\/sites.ecclesia.pt\/cv\/wp-json\/wp\/v2\/posts\/19665\/revisions"}],"wp:attachment":[{"href":"https:\/\/sites.ecclesia.pt\/cv\/wp-json\/wp\/v2\/media?parent=19665"}],"wp:term":[{"taxonomy":"category","embeddable":true,"href":"https:\/\/sites.ecclesia.pt\/cv\/wp-json\/wp\/v2\/categories?post=19665"},{"taxonomy":"post_tag","embeddable":true,"href":"https:\/\/sites.ecclesia.pt\/cv\/wp-json\/wp\/v2\/tags?post=19665"}],"curies":[{"name":"wp","href":"https:\/\/api.w.org\/{rel}","templated":true}]}}