{"id":20033,"date":"2012-05-16T15:10:00","date_gmt":"2012-05-16T15:10:00","guid":{"rendered":"http:\/\/localhost:81\/wp1\/?p=20033"},"modified":"2012-05-16T15:10:00","modified_gmt":"2012-05-16T15:10:00","slug":"sera-este-o-unico-painel-de-azulejos-de-santa-joana","status":"publish","type":"post","link":"https:\/\/sites.ecclesia.pt\/cv\/sera-este-o-unico-painel-de-azulejos-de-santa-joana\/","title":{"rendered":"Ser\u00e1 este o \u00fanico painel de azulejos de Santa Joana?"},"content":{"rendered":"<p>Aveiro, cidade do Azulejo <!--more--> Na Rua da Avia\u00e7\u00e3o Naval encontra-se aquele que, possivelmente, ser\u00e1 o \u00fanico painel de azulejos retratando Santa Joana existente em fachadas da cidade de Aveiro, cidade e Diocese de que \u00e9 padroeira.<\/p>\n<p>Na montra de uma loja de artigos decorativos e antiguidades est\u00e1 exposto um outro painel de azulejos com a imagem de Santa Joana, tamb\u00e9m ele em tons azuis, como este.<\/p>\n<p>C.F.<\/p>\n","protected":false},"excerpt":{"rendered":"<p>Aveiro, cidade do Azulejo<\/p>\n","protected":false},"author":1,"featured_media":0,"comment_status":"open","ping_status":"open","sticky":false,"template":"","format":"standard","meta":{"footnotes":""},"categories":[45],"tags":[],"class_list":["post-20033","post","type-post","status-publish","format-standard","hentry","category-regioes"],"_links":{"self":[{"href":"https:\/\/sites.ecclesia.pt\/cv\/wp-json\/wp\/v2\/posts\/20033","targetHints":{"allow":["GET"]}}],"collection":[{"href":"https:\/\/sites.ecclesia.pt\/cv\/wp-json\/wp\/v2\/posts"}],"about":[{"href":"https:\/\/sites.ecclesia.pt\/cv\/wp-json\/wp\/v2\/types\/post"}],"author":[{"embeddable":true,"href":"https:\/\/sites.ecclesia.pt\/cv\/wp-json\/wp\/v2\/users\/1"}],"replies":[{"embeddable":true,"href":"https:\/\/sites.ecclesia.pt\/cv\/wp-json\/wp\/v2\/comments?post=20033"}],"version-history":[{"count":0,"href":"https:\/\/sites.ecclesia.pt\/cv\/wp-json\/wp\/v2\/posts\/20033\/revisions"}],"wp:attachment":[{"href":"https:\/\/sites.ecclesia.pt\/cv\/wp-json\/wp\/v2\/media?parent=20033"}],"wp:term":[{"taxonomy":"category","embeddable":true,"href":"https:\/\/sites.ecclesia.pt\/cv\/wp-json\/wp\/v2\/categories?post=20033"},{"taxonomy":"post_tag","embeddable":true,"href":"https:\/\/sites.ecclesia.pt\/cv\/wp-json\/wp\/v2\/tags?post=20033"}],"curies":[{"name":"wp","href":"https:\/\/api.w.org\/{rel}","templated":true}]}}