{"id":20098,"date":"2012-05-16T15:37:00","date_gmt":"2012-05-16T15:37:00","guid":{"rendered":"http:\/\/localhost:81\/wp1\/?p=20098"},"modified":"2012-05-16T15:37:00","modified_gmt":"2012-05-16T15:37:00","slug":"joana-e-modelo-da-procura-de-deus","status":"publish","type":"post","link":"https:\/\/sites.ecclesia.pt\/cv\/joana-e-modelo-da-procura-de-deus\/","title":{"rendered":"Joana \u00e9 modelo da procura de Deus"},"content":{"rendered":"<p>Santa Joana mostra que \u00e9 caminho de beleza, de f\u00e9 e de felicidade \u201cviver para amar a Deus e servir o pr\u00f3ximo\u201d, disse o Bispo de Aveiro.<\/p>\n<p>\u201cSanta Joana Princesa, nossa Padroeira, que hoje celebramos em forma solene, continua viva a proclamar o primado de Deus e dos valores espirituais. A vida da Santa Princesa e a serenidade com que, confiando em Deus se manteve firme neste santo prop\u00f3sito de consagra\u00e7\u00e3o religiosa, mostram que \u00e9 caminho de beleza, de f\u00e9 e de felicidade viver para amar a Deus e servir o pr\u00f3ximo\u201d, proclamou o Bispo de Aveiro, na homilia da festa de Santa Joana, no dia 12 de maio.<\/p>\n<p>D. Ant\u00f3nio Francisco real\u00e7ou que Joana foi como o lavrador e o comerciante das par\u00e1bolas de Jesus, que tudo fazem para ficar com o tesouro do campo e a p\u00e9rola. \u201cQuem um dia o [tesouro] encontra desprende-se de tudo para ficar com ele. Assim aconteceu com Santa Joana\u201d.<\/p>\n<p>Joana \u00e9 modelo para os aveirenses que procuram Deus, j\u00e1 que, embora os estudos sociol\u00f3gicos refiram o aumento da indiferen\u00e7a religiosa, \u201cs\u00e3o tamb\u00e9m cada vez mais numerosos, aqueles que, batem \u00e0 porta da Igreja, movidos por uma certa \u00abnostalgia de Deus\u00bb e sentem muito forte a interpela\u00e7\u00e3o: Como procurar e encontrar Deus?\u201d D. Ant\u00f3nio Francisco real\u00e7ou que \u201cn\u00e3o basta procurar Deus nos livros, nos debates, nas discuss\u00f5es\u201d, porque \u201ca f\u00e9 n\u00e3o \u00e9 uma conquista te\u00f3rica nem um alcance racional\u201d \u2013 da\u00ed a pertin\u00eancia do exemplo da princesa.<\/p>\n<p>O Bispo de Aveiro tra\u00e7ou um percurso biogr\u00e1fico da filha de D. Afonso V e D. Isabel, do nascimento, a 4 de fevereiro de 1452, \u00e0 morte, em Aveiro, no dia 12 de maio de 1490, para concluir que a princesa \u201cmarcou profundamente a hist\u00f3ria da ent\u00e3o vila de Aveiro como marca, tamb\u00e9m hoje, a hist\u00f3ria da nossa cidade\u201d. \u201cA sua presen\u00e7a no Convento ajudou a que o estilo de vida religiosa deste convento se tornasse paradigma da vida religiosa dominicana, em Portugal, e o convento fosse procurado por muitas jovens para a\u00ed ingressarem. N\u00e3o se estranha, por isso que a partir do convento de Aveiro e no espa\u00e7o de pouco tempo tenham sido criados conventos em Lisboa, Leiria, Set\u00fabal e Santar\u00e9m\u201d, referiu.<\/p>\n<p>Como exemplos de que o testemunho de Joana deixou marcas na hist\u00f3ria de Aveiro, D. Ant\u00f3nio Francisco referiu a b\u00ean\u00e7\u00e3o da primeira pedra do Semin\u00e1rio, por D. Jo\u00e3o Evangelista de Lima Vidal, em 12 de maio de 1942, e a nova Casa Sacerdotal. \u201cQuero, agora, ao pensar nos sacerdotes idosos e doentes e para eles edificar uma Casa Sacerdotal, que esta Casa, j\u00e1 quase constru\u00edda, seja dedicada, tamb\u00e9m ela, a Santa Joana Princesa\u201d, disse.<\/p>\n<p>No final da celebra\u00e7\u00e3o, foram nomeadas cinco jovens da irmandade como aias de Santa Joana. \u201cConfio no vosso testemunho\u201d, disse-lhes o Bispo de Aveiro. <\/p>\n<p>J.P.F.<\/p>\n<p>Cr\u00edticas ao governo e homenagens a aveirenses<\/p>\n<p>\u00c9lio Maia foi muito duro para o governo e a administra\u00e7\u00e3o central na interven\u00e7\u00e3o da gala realizada no Teatro Aveirense, na noite de 11 de maio. O presidente da C\u00e2mara Municipal de Aveiro lamentou que a situa\u00e7\u00e3o do pa\u00eds e da Europa ponha em causa a recupera\u00e7\u00e3o financeira da C\u00e2mara e afirmou que \u201cn\u00e3o se percebe\u201d o corte sistem\u00e1tico de verbas do Estado para as autarquias\u201d, ou que haja milh\u00f5es para ajudar os bancos e nem um c\u00eantimo para as autarquias. Estas s\u00e3o respons\u00e1veis por apenas 4% da d\u00edvida do pa\u00eds, mas, nos seus funcion\u00e1rios, est\u00e3o a \u201cpagar a crise\u201d.<\/p>\n<p>Na parte positiva da gala, foram homenageados o Museu de Aveiro, com a Medalha de Ouro, no seu primeiro centen\u00e1rio de exist\u00eancia; o Banco Alimentar Contra a Fome \/ Aveiro, com a Medalha de M\u00e9rito Social, por \u201cdar resposta \u00e0s car\u00eancias alimentares em todo o distrito\u201d; o Rancho Folcl\u00f3rico do Baixo Vouga, o primeiro rancho de folclore a ser criado na cidade de Aveiro\u201d, com Medalha de M\u00e9rito Cultural; e o Sporting Clube de Aveiro, que tem 200 atletas federados e 1500 alunos nas suas escolas desportivas, com a Medalha de M\u00e9rito Desportivo.<\/p>\n<p>Al\u00e9m dos funcion\u00e1rios municipais com 15 e 25 anos de servi\u00e7o, 26 na totalidade, foram agraciados dois alunos da Banda de Gaitas de S\u00e3o Bernardo: Ana Catarina Damas Carvalho e Jos\u00e9 Ant\u00f3nio Dinis Fernandes, que foram convidados a integrar a Real Banda de Gaitas de Ourense (Galiza, Espanha).<\/p>\n","protected":false},"excerpt":{"rendered":"<p>Santa Joana mostra que \u00e9 caminho de beleza, de f\u00e9 e de felicidade \u201cviver para amar a Deus e servir o pr\u00f3ximo\u201d, disse o Bispo de Aveiro. \u201cSanta Joana Princesa, nossa Padroeira, que hoje celebramos em forma solene, continua viva a proclamar o primado de Deus e dos valores espirituais. A vida da Santa Princesa [&hellip;]<\/p>\n","protected":false},"author":1,"featured_media":0,"comment_status":"open","ping_status":"open","sticky":false,"template":"","format":"standard","meta":{"footnotes":""},"categories":[38],"tags":[],"class_list":["post-20098","post","type-post","status-publish","format-standard","hentry","category-destaque"],"_links":{"self":[{"href":"https:\/\/sites.ecclesia.pt\/cv\/wp-json\/wp\/v2\/posts\/20098","targetHints":{"allow":["GET"]}}],"collection":[{"href":"https:\/\/sites.ecclesia.pt\/cv\/wp-json\/wp\/v2\/posts"}],"about":[{"href":"https:\/\/sites.ecclesia.pt\/cv\/wp-json\/wp\/v2\/types\/post"}],"author":[{"embeddable":true,"href":"https:\/\/sites.ecclesia.pt\/cv\/wp-json\/wp\/v2\/users\/1"}],"replies":[{"embeddable":true,"href":"https:\/\/sites.ecclesia.pt\/cv\/wp-json\/wp\/v2\/comments?post=20098"}],"version-history":[{"count":0,"href":"https:\/\/sites.ecclesia.pt\/cv\/wp-json\/wp\/v2\/posts\/20098\/revisions"}],"wp:attachment":[{"href":"https:\/\/sites.ecclesia.pt\/cv\/wp-json\/wp\/v2\/media?parent=20098"}],"wp:term":[{"taxonomy":"category","embeddable":true,"href":"https:\/\/sites.ecclesia.pt\/cv\/wp-json\/wp\/v2\/categories?post=20098"},{"taxonomy":"post_tag","embeddable":true,"href":"https:\/\/sites.ecclesia.pt\/cv\/wp-json\/wp\/v2\/tags?post=20098"}],"curies":[{"name":"wp","href":"https:\/\/api.w.org\/{rel}","templated":true}]}}