{"id":20099,"date":"2012-05-16T15:38:00","date_gmt":"2012-05-16T15:38:00","guid":{"rendered":"http:\/\/localhost:81\/wp1\/?p=20099"},"modified":"2012-05-16T15:38:00","modified_gmt":"2012-05-16T15:38:00","slug":"euclides-cavaco-apresenta-terras-da-nossa-terra","status":"publish","type":"post","link":"https:\/\/sites.ecclesia.pt\/cv\/euclides-cavaco-apresenta-terras-da-nossa-terra\/","title":{"rendered":"Euclides Cavaco apresenta &#8220;Terras da Nossa terra&#8221;"},"content":{"rendered":"<p>Sexta-feira pelas 17h30 e pelas 21h30, Euclides Cavaco ir\u00e1 apresentar o seu novo livro \u201cTerras da nossa terra\u201d, na sede da Assembleia Municipal de Aveiro (antiga Capitania) e no Centro Cultural de Esgueira, respetivamente. No dia seguinte, pelas 21h30, haver\u00e1 uma nova sess\u00e3o, dessa vez no Hotel Moliceiro, em Aveiro.<\/p>\n<p>Manuel Janicas, natural de Mira, como Euclides Cavaco, mas aveirense por op\u00e7\u00e3o, escreveu no ep\u00edlogo de \u201cTerras da nossa terra\u201d, que este livro \u201cproporciona uma visita, recheada de belas imagens po\u00e9ticas, aos recantos e localidades de Portugal, conduzida pela inspira\u00e7\u00e3o de Euclides Cavaco, meu prezado conterr\u00e2neo. Saliento que parte dos versos ora publicados por este grande Poeta da Lusofonia s\u00e3o resultantes da sua passagem pelas aldeias, vilas e cidades deste \u2018Pa\u00eds \u00e0 beira-mar plantado\u2019, para apresentar as suas obras, animar encontros e recitais de poesia e sess\u00f5es de fados ou participar em diversos eventos culturais\u201d.<\/p>\n<p>Na presente colet\u00e2nea de poemas, \u201crelativos a diversas localidades portuguesas, o escritor confere sentido e relev\u00e2ncia a muitas tradi\u00e7\u00f5es e lendas, usos e costumes populares, significativos valores sociais, monumentos e maravilhas pouco divulgadas do patrim\u00f3nio natural e cultual do nosso Pa\u00eds, dedicando especial aten\u00e7\u00e3o a alguns acontecimentos e atitudes coletivas, para real\u00e7ar importantes tra\u00e7os culturais das popula\u00e7\u00f5es locais\u201d, refere Manuel Janicas, que termina enaltecendo \u201co forte portuguesismo\u201d de Euclides Cavaco, reconhecendo o seu papel de \u201celo de liga\u00e7\u00e3o entre os Portugueses na Di\u00e1spora e a sua constante promo\u00e7\u00e3o da Poesia e da L\u00edngua Portuguesas, a n\u00edvel internacional. De facto, apesar de residir no Canad\u00e1, h\u00e1 mais de quatro d\u00e9cadas, a dist\u00e2ncia n\u00e3o lhe reduziu o amor \u00e0 Terra que o viu nascer.\u201d<\/p>\n<p>Cardoso Ferreira<\/p>\n","protected":false},"excerpt":{"rendered":"<p>Sexta-feira pelas 17h30 e pelas 21h30, Euclides Cavaco ir\u00e1 apresentar o seu novo livro \u201cTerras da nossa terra\u201d, na sede da Assembleia Municipal de Aveiro (antiga Capitania) e no Centro Cultural de Esgueira, respetivamente. No dia seguinte, pelas 21h30, haver\u00e1 uma nova sess\u00e3o, dessa vez no Hotel Moliceiro, em Aveiro. Manuel Janicas, natural de Mira, [&hellip;]<\/p>\n","protected":false},"author":1,"featured_media":0,"comment_status":"open","ping_status":"open","sticky":false,"template":"","format":"standard","meta":{"footnotes":""},"categories":[54],"tags":[],"class_list":["post-20099","post","type-post","status-publish","format-standard","hentry","category-livros-e-multimedia"],"_links":{"self":[{"href":"https:\/\/sites.ecclesia.pt\/cv\/wp-json\/wp\/v2\/posts\/20099","targetHints":{"allow":["GET"]}}],"collection":[{"href":"https:\/\/sites.ecclesia.pt\/cv\/wp-json\/wp\/v2\/posts"}],"about":[{"href":"https:\/\/sites.ecclesia.pt\/cv\/wp-json\/wp\/v2\/types\/post"}],"author":[{"embeddable":true,"href":"https:\/\/sites.ecclesia.pt\/cv\/wp-json\/wp\/v2\/users\/1"}],"replies":[{"embeddable":true,"href":"https:\/\/sites.ecclesia.pt\/cv\/wp-json\/wp\/v2\/comments?post=20099"}],"version-history":[{"count":0,"href":"https:\/\/sites.ecclesia.pt\/cv\/wp-json\/wp\/v2\/posts\/20099\/revisions"}],"wp:attachment":[{"href":"https:\/\/sites.ecclesia.pt\/cv\/wp-json\/wp\/v2\/media?parent=20099"}],"wp:term":[{"taxonomy":"category","embeddable":true,"href":"https:\/\/sites.ecclesia.pt\/cv\/wp-json\/wp\/v2\/categories?post=20099"},{"taxonomy":"post_tag","embeddable":true,"href":"https:\/\/sites.ecclesia.pt\/cv\/wp-json\/wp\/v2\/tags?post=20099"}],"curies":[{"name":"wp","href":"https:\/\/api.w.org\/{rel}","templated":true}]}}