{"id":20100,"date":"2012-05-16T15:42:00","date_gmt":"2012-05-16T15:42:00","guid":{"rendered":"http:\/\/localhost:81\/wp1\/?p=20100"},"modified":"2012-05-16T15:42:00","modified_gmt":"2012-05-16T15:42:00","slug":"16-de-maio-na-historia-de-aveiro","status":"publish","type":"post","link":"https:\/\/sites.ecclesia.pt\/cv\/16-de-maio-na-historia-de-aveiro\/","title":{"rendered":"16 de maio na hist\u00f3ria de Aveiro"},"content":{"rendered":"<p>1461 \u2014 O Papa Pio II expediu de Roma a bula \u201cPia Deo et Ecclesiae desideria\u201d, autorizando a funda\u00e7\u00e3o do Mosteiro de Jesus, em Aveiro, para Religiosas Dominicanas. O documento encontra-se arquivado no Museu de Aveiro.<\/p>\n<p>1462 \u2014 O Padre Fern\u00e3o de S\u00e1 vendeu uma marinha de fazer sal, sita no lugar de Pero Maceira \u2013 hoje popularmente designado por Prumaceira \u2013 no termo da vila de Aveiro, a D. M\u00e9cia Pereira, vi\u00fava de Martim Mendes Berredo e uma das fundadoras do Mosteiro de Jesus, pela import\u00e2ncia de 110.000 reais brancos.<\/p>\n<p>1585 \u2014 D. Filipe I de Portugal mandou fechar o acesso \u00e0 \u00abTorre dos Oleiros\u00bb, na muralha de Aveiro, a fim de n\u00e3o ser devassado o interior do Mosteiro de Jesus.<\/p>\n<p>1756 \u2014 Foi passada carta de familiar da Santo Of\u00edcio a Bento Ferreira Guimar\u00e3es, mercador em Aveiro.<\/p>\n<p>1828 \u2014 Iniciou-se em Aveiro o movimento revolucion\u00e1rio contra as pretens\u00f5es de El-Rei D. Miguel, sendo os primeiros gritos de guerra levantados pelo Desembargador Joaquim Jos\u00e9 de Queir\u00f3s e pelos soldados do Batalh\u00e3o de Ca\u00e7adores n.\u00ba 10, com vivas \u00e0 Carta Constitu\u00adcional, a El-Rei D. Pedro IV e \u00e0 Rainha D. Maria II.<\/p>\n<p>1864 \u2014 Constituiu-se definitivamente a benem\u00e9rita \u00abAssocia\u00e7\u00e3o de Socorros M\u00fatuos das Classes Laboriosas\u00bb, cuja funda\u00e7\u00e3o fora autorizada por um alvar\u00e1 do dia 3 e que prestou aos seus associados in\u00fameros benef\u00edcios em casas de doen\u00e7a e assegurou \u00e0s suas fam\u00edlias estim\u00e1veis aux\u00edlios nos casos de morte; dela foram grandes protetores o Padre Jos\u00e9 Joaquim de Carvalho e G\u00f3is, Agostinho Duarte Pinheiro e Silva e Francisco Ant\u00f3nio de Resende J\u00fanior.<\/p>\n<p>1864 \u2014 Realizou-se em Aveiro o funeral de Jos\u00e9 Est\u00eav\u00e3o Coelho de Magalh\u00e3es, que constituiu uma imponent\u00edssima manifesta\u00e7\u00e3o de pesar; \u00e0 cerim\u00f3nia religiosa presidiu o vig\u00e1rio-geral da Diocese, Dr. Jos\u00e9 Ant\u00f3nio Pereira Bilhano.<\/p>\n<p>1970 \u2014 Foi oficialmente inaugurado o edif\u00edcio municipal fronteiro aos Pa\u00e7os da Concelho, onde ent\u00e3o ficaram ent\u00e3o instalados a Biblioteca, o Sal\u00e3o Cultural, a Reparti\u00e7\u00e3o de Finan\u00e7as e o Turismo.<\/p>\n<p>1975 \u2014 Por despacho ministerial desta data, foram aprovados os primeiros estatutos do \u00abCentro Social de Esgueira\u00bb \u2013 institui\u00e7\u00e3o particular de solidariedade social que, em 11 de Novembro, iniciaria a sua atividade com um Jardim-de-inf\u00e2ncia.<\/p>\n<p>1977 \u2014 Por despacho ministerial \u2013 que seria publicado no \u00abDi\u00e1rio da Rep\u00fablica\u00bb de 1 de Junho seguinte \u2013 foi extinto o Albergue Distrital de Aveiro, entre outros, indicando-se a sua reconvers\u00e3o para fins psiqui\u00e1tricos e integrando-o, por isso, no Centro de Sa\u00fade Mental, criado em 9 de Novembro de 1976.<\/p>\n<p>Fonte: \u201cCalend\u00e1rio Hist\u00f3rico de Aveiro\u201d,  de Ant\u00f3nio Christo e Jo\u00e3o Gon\u00e7alves Gaspar.<\/p>\n","protected":false},"excerpt":{"rendered":"<p>1461 \u2014 O Papa Pio II expediu de Roma a bula \u201cPia Deo et Ecclesiae desideria\u201d, autorizando a funda\u00e7\u00e3o do Mosteiro de Jesus, em Aveiro, para Religiosas Dominicanas. O documento encontra-se arquivado no Museu de Aveiro. 1462 \u2014 O Padre Fern\u00e3o de S\u00e1 vendeu uma marinha de fazer sal, sita no lugar de Pero Maceira [&hellip;]<\/p>\n","protected":false},"author":1,"featured_media":0,"comment_status":"open","ping_status":"open","sticky":false,"template":"","format":"standard","meta":{"footnotes":""},"categories":[56],"tags":[],"class_list":["post-20100","post","type-post","status-publish","format-standard","hentry","category-almanaque"],"_links":{"self":[{"href":"https:\/\/sites.ecclesia.pt\/cv\/wp-json\/wp\/v2\/posts\/20100","targetHints":{"allow":["GET"]}}],"collection":[{"href":"https:\/\/sites.ecclesia.pt\/cv\/wp-json\/wp\/v2\/posts"}],"about":[{"href":"https:\/\/sites.ecclesia.pt\/cv\/wp-json\/wp\/v2\/types\/post"}],"author":[{"embeddable":true,"href":"https:\/\/sites.ecclesia.pt\/cv\/wp-json\/wp\/v2\/users\/1"}],"replies":[{"embeddable":true,"href":"https:\/\/sites.ecclesia.pt\/cv\/wp-json\/wp\/v2\/comments?post=20100"}],"version-history":[{"count":0,"href":"https:\/\/sites.ecclesia.pt\/cv\/wp-json\/wp\/v2\/posts\/20100\/revisions"}],"wp:attachment":[{"href":"https:\/\/sites.ecclesia.pt\/cv\/wp-json\/wp\/v2\/media?parent=20100"}],"wp:term":[{"taxonomy":"category","embeddable":true,"href":"https:\/\/sites.ecclesia.pt\/cv\/wp-json\/wp\/v2\/categories?post=20100"},{"taxonomy":"post_tag","embeddable":true,"href":"https:\/\/sites.ecclesia.pt\/cv\/wp-json\/wp\/v2\/tags?post=20100"}],"curies":[{"name":"wp","href":"https:\/\/api.w.org\/{rel}","templated":true}]}}