{"id":20102,"date":"2012-05-16T15:44:00","date_gmt":"2012-05-16T15:44:00","guid":{"rendered":"http:\/\/localhost:81\/wp1\/?p=20102"},"modified":"2012-05-16T15:44:00","modified_gmt":"2012-05-16T15:44:00","slug":"estacao-de-jesus","status":"publish","type":"post","link":"https:\/\/sites.ecclesia.pt\/cv\/estacao-de-jesus\/","title":{"rendered":"Esta\u00e7\u00e3o de Jesus"},"content":{"rendered":"<p>Po\u00e7o de Jacob &#8211; 106 <!--more--> Em Lednica, na Pol\u00f3nia, lugar do Batismo da Pol\u00f3nia em 966, um padre dominicano polaco, num campo de uma antiga batalha teut\u00f3nica de nome Jo\u00e3o Gora, faz um encontro anual com mais de cem mil jovens, um encontro radical com Cristo. O s\u00edmbolo desse encontro \u00e9 um grande peixe. Neste ano de 2012, ser\u00e1 entregue o Di\u00e1rio de Faustina Kowalska [religiosa polaca, m\u00edstica, conhecida por \u201cAp\u00f3stola da Divina Miseric\u00f3rdia\u201d] a cada um. Nesse encontro h\u00e1 catequese, Missa, confiss\u00f5es com centenas de padres e apoio de centenas de religiosas. Tamb\u00e9m h\u00e1 jogos, c\u00e2nticos e muita adora\u00e7\u00e3o ao Sant\u00edssimo e reflex\u00e3o. Um acontecimento nacional n\u00e3o noticiado, como tamb\u00e9m nada sabemos do maravilhoso dia 10 de junho, em Fatima, onde se re\u00fanem milhares de crian\u00e7as do nosso Portugal. Aos meios de comunica\u00e7\u00e3o n\u00e3o lhes interessa esses eventos que formam, mas s\u00f3 os outros que aglomeram o v\u00edcio e a desordem\u2026   No entanto, um filantropo polaco teve a ideia de fazer uma a\u00e7\u00e3o contr\u00e1ria noutro lugar da Polonia, tamb\u00e9m no ver\u00e3o, onde junta centenas, sen\u00e3o milhares de jovens e adultos sob o Lema: \u201cFaz o que quiseres\u201d. Est\u00e3o montadas infraestruturas chamadas esta\u00e7\u00f5es, para tudo o que uma pessoa quiser, sexo, bebidas, drogas\u2026. Simplesmente faz o que o instinto mandar. <\/p>\n<p>O bispo dessa diocese, preocupado com a propor\u00e7\u00e3o do evento, mobilizou as for\u00e7as vivas da diocese, e j\u00e1 que as esta\u00e7\u00f5es s\u00e3o montadas por quem quiser, ele prop\u00f4s fazer ali a tenda-esta\u00e7\u00e3o de Jesus. Ficou surpreendido com a resposta: padres, freiras, com seus h\u00e1bitos e batinas, jovens, casais montaram a tenda de Jesus. O bispo muda para l\u00e1 a sua resid\u00eancia e, com essas pessoas, coloca o Sant\u00edssimo exposto e convida todos os da feira da libertinagem ao encontro com Jesus ao estilo de Taiz\u00e9, com m\u00fasica, dan\u00e7as e ora\u00e7\u00e3o. Uma verdadeira contra-revolu\u00e7\u00e3o de ataque \u00e0s for\u00e7as do mal que mobilizam uma Pol\u00f3nia inteira. Iniciativa muito interessante, embora nada noticiada. <\/p>\n<p>Impressionou-me ver a atitude e a reportagem na TV cat\u00f3lica polaca, quando l\u00e1 fui, e interroguei-me: Se eu fosse jovem, que esta\u00e7\u00e3o me atrairia mais? E interroguei-me que for\u00e7a de convic\u00e7\u00e3o tenho eu para anunciar assim, Jesus, com a alegria de quem foi alcan\u00e7ado e deseja salvar os outros. Interroguei-me da minha coragem de testemunhar num ambiente hostil\u2026 Lembrei-me de Joseph Fadelle, que h\u00e1 dias recebeu uma amea\u00e7a do seu primo a dizer que, por se ter convertido a Cristo, ser\u00e1 morto pelas m\u00e3os de uma crian\u00e7a, quando menos pensar\u2026 Ou da jovem m\u00e3e do Paquist\u00e3o, condenada a ser enforcada por ser crist\u00e3 e ter bebido \u00e1gua num copo das colegas mu\u00e7ulmanas, tendo assim cometido um ato de impureza para com elas\u2026 Pergunto-me porque me queixo de estar s\u00f3, quando Ele est\u00e1 a meu lado, ou me lamento da sorte ou falta dela quando o que interessa \u00e9 o nosso SIM. Tantas perguntas diante de uma Igreja viva que se d\u00e1 at\u00e9 o derramamento de sangue, no meio da nossa enorme mediocridade e comodismo. Quero estar na Esta\u00e7\u00e3o de Jesus. E tu? Que tenda escolherias se pudesses escolher? St.\u00ba Agostinho indica-nos o caminho: \u201cAma\u2026 e faz o que quiseres\u201d. S\u00f3 o amor por Jesus nos ajuda a saber escolher a melhor parte.<\/p>\n<p>Vitor Espadilha<\/p>\n","protected":false},"excerpt":{"rendered":"<p>Po\u00e7o de Jacob &#8211; 106<\/p>\n","protected":false},"author":1,"featured_media":0,"comment_status":"open","ping_status":"open","sticky":false,"template":"","format":"standard","meta":{"footnotes":""},"categories":[52],"tags":[],"class_list":["post-20102","post","type-post","status-publish","format-standard","hentry","category-espiritualidade"],"_links":{"self":[{"href":"https:\/\/sites.ecclesia.pt\/cv\/wp-json\/wp\/v2\/posts\/20102","targetHints":{"allow":["GET"]}}],"collection":[{"href":"https:\/\/sites.ecclesia.pt\/cv\/wp-json\/wp\/v2\/posts"}],"about":[{"href":"https:\/\/sites.ecclesia.pt\/cv\/wp-json\/wp\/v2\/types\/post"}],"author":[{"embeddable":true,"href":"https:\/\/sites.ecclesia.pt\/cv\/wp-json\/wp\/v2\/users\/1"}],"replies":[{"embeddable":true,"href":"https:\/\/sites.ecclesia.pt\/cv\/wp-json\/wp\/v2\/comments?post=20102"}],"version-history":[{"count":0,"href":"https:\/\/sites.ecclesia.pt\/cv\/wp-json\/wp\/v2\/posts\/20102\/revisions"}],"wp:attachment":[{"href":"https:\/\/sites.ecclesia.pt\/cv\/wp-json\/wp\/v2\/media?parent=20102"}],"wp:term":[{"taxonomy":"category","embeddable":true,"href":"https:\/\/sites.ecclesia.pt\/cv\/wp-json\/wp\/v2\/categories?post=20102"},{"taxonomy":"post_tag","embeddable":true,"href":"https:\/\/sites.ecclesia.pt\/cv\/wp-json\/wp\/v2\/tags?post=20102"}],"curies":[{"name":"wp","href":"https:\/\/api.w.org\/{rel}","templated":true}]}}