{"id":20105,"date":"2012-05-16T15:51:00","date_gmt":"2012-05-16T15:51:00","guid":{"rendered":"http:\/\/localhost:81\/wp1\/?p=20105"},"modified":"2012-05-16T15:51:00","modified_gmt":"2012-05-16T15:51:00","slug":"falta-organizacao-de-base","status":"publish","type":"post","link":"https:\/\/sites.ecclesia.pt\/cv\/falta-organizacao-de-base\/","title":{"rendered":"Falta organiza\u00e7\u00e3o de base"},"content":{"rendered":"<p>Quest\u00f5es Sociais <!--more--> A demiss\u00e3o coletiva em que nos encontramos, face aos problemas sociais, poderia ser atenuada atrav\u00e9s das linhas de rumo esbo\u00e7adas no artigo anterior. Mas, para que elas se concretizem, \u00e9 indispens\u00e1vel a a\u00e7\u00e3o social organizada, a partir da base, isto \u00e9, a partir da freguesia ou de outros territ\u00f3rios mais restritos.<\/p>\n<p>Tal organiza\u00e7\u00e3o poderia traduzir-se na parceria, ou coopera\u00e7\u00e3o, local de todas as entidades envolvidas: grupos de voluntariado de proximidade, institui\u00e7\u00f5es particulares de solidariedade social, servi\u00e7os das autarquias e da seguran\u00e7a social e quaisquer outras entidades como, por exemplo, par\u00f3quias, coletividades de cultura e recreio, empresas&#8230;Bastaria que as parceiras se limitassem, no in\u00edcio, a dois tipos de atividades: procura de solu\u00e7\u00f5es para os casos n\u00e3o solucion\u00e1veis no trabalho regular daquelas entidades; e eventual proposta de medidas pol\u00edticas, se necess\u00e1rio.<\/p>\n<p>Na legisla\u00e7\u00e3o sobre a \u00abRede Social\u00bb j\u00e1 se encontram previstas estas atividades. Nos termos dessa legisla\u00e7\u00e3o, a parceria local seria assegurada pela \u00abComiss\u00e3o Social de Freguesia\u00bb, onde podem ter assento aquelas entidades. Por\u00e9m, acontece que n\u00e3o existe esta Comiss\u00e3o na grande maioria das freguesias, e parece existirem d\u00favidas sobre se a \u00abRede Social\u00bb se manter\u00e1 no futuro, ou se ser\u00e1 substitu\u00edda por outro dinamismo no \u00e2mbito da \u00abemerg\u00eancia social\u00bb. <\/p>\n<p>No entanto, nada impede a cria\u00e7\u00e3o e funcionamento das comiss\u00f5es sociais de freguesia, que poder\u00e3o adaptar-se facilmente a orienta\u00e7\u00f5es diferentes que venham a ser decididas. Desse modo, as entidades comprometidas no dom\u00ednio social, em cada freguesia, deixariam mais claro o seu empenho na solu\u00e7\u00e3o dos problemas, com base na coopera\u00e7\u00e3o entre todas elas. Tudo se tornaria mais f\u00e1cil se o Estado central e as autarquias locais promovessem esta congrega\u00e7\u00e3o de esfor\u00e7os; no caso de tal n\u00e3o acontecer, a Igreja poderia foment\u00e1-la, a partir de si pr\u00f3pria, mediante a estreita coopera\u00e7\u00e3o, em cada par\u00f3quia, das confer\u00eancias vicentinas e outros grupos de a\u00e7\u00e3o social, centros sociais paroquiais e outras institui\u00e7\u00f5es.<\/p>\n","protected":false},"excerpt":{"rendered":"<p>Quest\u00f5es Sociais<\/p>\n","protected":false},"author":1,"featured_media":0,"comment_status":"open","ping_status":"open","sticky":false,"template":"","format":"standard","meta":{"footnotes":""},"categories":[62],"tags":[],"class_list":["post-20105","post","type-post","status-publish","format-standard","hentry","category-opiniao"],"_links":{"self":[{"href":"https:\/\/sites.ecclesia.pt\/cv\/wp-json\/wp\/v2\/posts\/20105","targetHints":{"allow":["GET"]}}],"collection":[{"href":"https:\/\/sites.ecclesia.pt\/cv\/wp-json\/wp\/v2\/posts"}],"about":[{"href":"https:\/\/sites.ecclesia.pt\/cv\/wp-json\/wp\/v2\/types\/post"}],"author":[{"embeddable":true,"href":"https:\/\/sites.ecclesia.pt\/cv\/wp-json\/wp\/v2\/users\/1"}],"replies":[{"embeddable":true,"href":"https:\/\/sites.ecclesia.pt\/cv\/wp-json\/wp\/v2\/comments?post=20105"}],"version-history":[{"count":0,"href":"https:\/\/sites.ecclesia.pt\/cv\/wp-json\/wp\/v2\/posts\/20105\/revisions"}],"wp:attachment":[{"href":"https:\/\/sites.ecclesia.pt\/cv\/wp-json\/wp\/v2\/media?parent=20105"}],"wp:term":[{"taxonomy":"category","embeddable":true,"href":"https:\/\/sites.ecclesia.pt\/cv\/wp-json\/wp\/v2\/categories?post=20105"},{"taxonomy":"post_tag","embeddable":true,"href":"https:\/\/sites.ecclesia.pt\/cv\/wp-json\/wp\/v2\/tags?post=20105"}],"curies":[{"name":"wp","href":"https:\/\/api.w.org\/{rel}","templated":true}]}}