{"id":20108,"date":"2012-05-16T15:54:00","date_gmt":"2012-05-16T15:54:00","guid":{"rendered":"http:\/\/localhost:81\/wp1\/?p=20108"},"modified":"2012-05-16T15:54:00","modified_gmt":"2012-05-16T15:54:00","slug":"a-lagosta-e-a-chuva","status":"publish","type":"post","link":"https:\/\/sites.ecclesia.pt\/cv\/a-lagosta-e-a-chuva\/","title":{"rendered":"A lagosta e a chuva"},"content":{"rendered":"<p>Educa\u00e7\u00e3o e Ambiente <!--more--> MARTA OLIVEIRA<\/p>\n<p>Mestre em Ambiente e Comunica\u00e7\u00e3o<\/p>\n<p>H\u00e1 dias, num autocarro, uma senhora queixava-se do mau tempo. E do tr\u00e2nsito. O dia estava cinzento, chovia desde manh\u00e3 cedo e, tal como muitos outros passageiros, esta senhora tinha apanhado uma valente chuvada. \u201cMas \u2013 parece imposs\u00edvel! \u2013 ent\u00e3o n\u00e3o \u00e9 que nos pr\u00f3ximos dias v\u00e3o estar trinta e tal graus?\u201d\u00bb Diz o ditado que \u201cquem conta um conto, acrescenta um ponto\u201d. Se esta senhora acrescentou uns quantos graus, n\u00e3o deixa de ser verdade que, na mesma semana, tivemos a oportunidade de experimentar chuva e frio, seguidos de calor q.b. E houve quem aproveitasse para ir \u00e0 praia; e quem tivesse que trabalhar \u00e0 torreira do sol; e quem vendesse muitos gelados&#8230;<\/p>\n<p>Dizia a mesma senhora, no autocarro: \u201cAi credo, se v\u00eam a\u00ed trinta e tal graus, fico que nem uma lagosta! Toda espapassada\u201d. E algu\u00e9m acrescentou: \u201cO tempo est\u00e1 maluco\u201d.<\/p>\n<p>Sendo verdade que n\u00e3o dispomos de uma bola de cristal para adivinhar o futuro, nem de uma l\u00e2mpada da qual, esfregando, nos surge um algu\u00e9m que nos concede tr\u00eas desejos, podemos centrar-nos naquilo que est\u00e1 ao nosso alcance. Est\u00e3o ao nosso alcance as medi\u00e7\u00f5es de temperatura, humidade e precipita\u00e7\u00e3o (ou seja, quanto choveu) desde h\u00e1 d\u00e9cadas; e ainda, os registos das concentra\u00e7\u00f5es de determinados gases na atmosfera. Os dados parecem indiciar que est\u00e1 a ocorrer um aquecimento gradual do planeta; que a temperatura m\u00e9dia tender\u00e1 a aumentar, bem como que ser\u00e1 maior a frequ\u00eancia de fen\u00f3menos climat\u00e9ricos extremos. Segundo diversas previs\u00f5es, teremos ver\u00f5es mais secos e mais quentes. Tamb\u00e9m n\u00f3s \u2013 e n\u00e3o s\u00f3 as plantas e outros animais \u2013 teremos que, de alguma forma, procurar formas de nos adaptarmos.<\/p>\n<p>Pode parecer um cen\u00e1rio long\u00ednquo e catastrofista, um planeta com uma temperatura m\u00e9dia maior do que a actual, onde a subida do n\u00edvel das \u00e1guas submergiu ilhas e in\u00fameras cidades e zonas ribeirinhas. Mas n\u00e3o \u00e9 long\u00ednquo o cen\u00e1rio de fogos florestais no inverno, esse est\u00e1-nos bem pr\u00f3ximo na mem\u00f3ria.<\/p>\n<p>Os registos da concentra\u00e7\u00e3o do g\u00e1s CO2 (di\u00f3xido de carbono) mostram que os valores subiram vertiginosamente a partir da revolu\u00e7\u00e3o industrial; com a inven\u00e7\u00e3o da m\u00e1quina a vapor, a queima de carv\u00e3o, na ind\u00fastria, passou a ser pr\u00e1tica corrente. Ao carv\u00e3o seguiram-se outros combust\u00edveis f\u00f3sseis.<\/p>\n<p>Muitas vezes, poderemos cair na tenta\u00e7\u00e3o de pensar que s\u00f3 \u201cos outros\u201d, \u201ca ind\u00fastria\u201d, \u201cos avi\u00f5es\u201d, \u201cos cami\u00f5es\u201d&#8230; contribuem, com a queima de combust\u00edveis f\u00f3sseis, para a emiss\u00e3o de gases que t\u00eam um papel no aquecimento do planeta.<\/p>\n<p>Costuma deixar a sua televis\u00e3o com uma luzinha vermelha ligada, quando j\u00e1 n\u00e3o est\u00e1 a ver? Ao n\u00edvel dom\u00e9stico, se estivermos atentos aos consumos escondidos\/em standby dos nossos equipamentos (computador, powerbox, televis\u00e3o, leitor de DVD, microondas, etc.) poderemos poupar at\u00e9 10%! Poupamos na fatura mensal de eletricidade, nos recursos do planeta e nas emiss\u00f5es de gases como o CO2!<\/p>\n<p>Nota: Informa\u00e7\u00e3o sobre a evolu\u00e7\u00e3o da concentra\u00e7\u00e3o de CO2, incluindo os registos mais antigos, est\u00e1 dispon\u00edvel em http:\/\/www.esrl.noaa.gov\/gmd\/ccgg\/trends\/history.html.<\/p>\n","protected":false},"excerpt":{"rendered":"<p>Educa\u00e7\u00e3o e Ambiente<\/p>\n","protected":false},"author":1,"featured_media":0,"comment_status":"open","ping_status":"open","sticky":false,"template":"","format":"standard","meta":{"footnotes":""},"categories":[62],"tags":[],"class_list":["post-20108","post","type-post","status-publish","format-standard","hentry","category-opiniao"],"_links":{"self":[{"href":"https:\/\/sites.ecclesia.pt\/cv\/wp-json\/wp\/v2\/posts\/20108","targetHints":{"allow":["GET"]}}],"collection":[{"href":"https:\/\/sites.ecclesia.pt\/cv\/wp-json\/wp\/v2\/posts"}],"about":[{"href":"https:\/\/sites.ecclesia.pt\/cv\/wp-json\/wp\/v2\/types\/post"}],"author":[{"embeddable":true,"href":"https:\/\/sites.ecclesia.pt\/cv\/wp-json\/wp\/v2\/users\/1"}],"replies":[{"embeddable":true,"href":"https:\/\/sites.ecclesia.pt\/cv\/wp-json\/wp\/v2\/comments?post=20108"}],"version-history":[{"count":0,"href":"https:\/\/sites.ecclesia.pt\/cv\/wp-json\/wp\/v2\/posts\/20108\/revisions"}],"wp:attachment":[{"href":"https:\/\/sites.ecclesia.pt\/cv\/wp-json\/wp\/v2\/media?parent=20108"}],"wp:term":[{"taxonomy":"category","embeddable":true,"href":"https:\/\/sites.ecclesia.pt\/cv\/wp-json\/wp\/v2\/categories?post=20108"},{"taxonomy":"post_tag","embeddable":true,"href":"https:\/\/sites.ecclesia.pt\/cv\/wp-json\/wp\/v2\/tags?post=20108"}],"curies":[{"name":"wp","href":"https:\/\/api.w.org\/{rel}","templated":true}]}}