{"id":20211,"date":"2012-05-30T16:28:00","date_gmt":"2012-05-30T16:28:00","guid":{"rendered":"http:\/\/localhost:81\/wp1\/?p=20211"},"modified":"2012-05-30T16:28:00","modified_gmt":"2012-05-30T16:28:00","slug":"listas-e-breves-definicoes-do-cristianismo","status":"publish","type":"post","link":"https:\/\/sites.ecclesia.pt\/cv\/listas-e-breves-definicoes-do-cristianismo\/","title":{"rendered":"Listas e breves defini\u00e7\u00f5es do cristianismo"},"content":{"rendered":"<p>Guia pr\u00e1tico do Cristianismo<\/p>\n<p>Paulo Costa<\/p>\n<p>Edi\u00e7\u00f5es Salesianas<\/p>\n<p>214 p\u00e1ginas<\/p>\n<p>Neste livro, ao longo de nove partes, o autor oferece-nos um conjunto de informa\u00e7\u00f5es sobre o cristianismo, sob a forma de listas e pequenas defini\u00e7\u00f5es, que vai do \u201cvocabul\u00e1rio essencial da teologia\u201d aos  \u201csantos da Igreja Cat\u00f3lica\u201d, passando pelas partes da missa, o ano lit\u00fargico, as igrejas crist\u00e3s, ou os primeiros e \u00faltimos papas. \u201cEste livro pretende ajudar o crente a situar-se dentro da linguagem da religi\u00e3o crist\u00e3, apresentando em 50 temas as grandes mat\u00e9rias e conceitos utilizados pela Igreja\u201d, escreve-se na contracapa.<\/p>\n","protected":false},"excerpt":{"rendered":"<p>Guia pr\u00e1tico do Cristianismo Paulo Costa Edi\u00e7\u00f5es Salesianas 214 p\u00e1ginas Neste livro, ao longo de nove partes, o autor oferece-nos um conjunto de informa\u00e7\u00f5es sobre o cristianismo, sob a forma de listas e pequenas defini\u00e7\u00f5es, que vai do \u201cvocabul\u00e1rio essencial da teologia\u201d aos \u201csantos da Igreja Cat\u00f3lica\u201d, passando pelas partes da missa, o ano lit\u00fargico, [&hellip;]<\/p>\n","protected":false},"author":1,"featured_media":0,"comment_status":"open","ping_status":"open","sticky":false,"template":"","format":"standard","meta":{"footnotes":""},"categories":[54],"tags":[],"class_list":["post-20211","post","type-post","status-publish","format-standard","hentry","category-livros-e-multimedia"],"_links":{"self":[{"href":"https:\/\/sites.ecclesia.pt\/cv\/wp-json\/wp\/v2\/posts\/20211","targetHints":{"allow":["GET"]}}],"collection":[{"href":"https:\/\/sites.ecclesia.pt\/cv\/wp-json\/wp\/v2\/posts"}],"about":[{"href":"https:\/\/sites.ecclesia.pt\/cv\/wp-json\/wp\/v2\/types\/post"}],"author":[{"embeddable":true,"href":"https:\/\/sites.ecclesia.pt\/cv\/wp-json\/wp\/v2\/users\/1"}],"replies":[{"embeddable":true,"href":"https:\/\/sites.ecclesia.pt\/cv\/wp-json\/wp\/v2\/comments?post=20211"}],"version-history":[{"count":0,"href":"https:\/\/sites.ecclesia.pt\/cv\/wp-json\/wp\/v2\/posts\/20211\/revisions"}],"wp:attachment":[{"href":"https:\/\/sites.ecclesia.pt\/cv\/wp-json\/wp\/v2\/media?parent=20211"}],"wp:term":[{"taxonomy":"category","embeddable":true,"href":"https:\/\/sites.ecclesia.pt\/cv\/wp-json\/wp\/v2\/categories?post=20211"},{"taxonomy":"post_tag","embeddable":true,"href":"https:\/\/sites.ecclesia.pt\/cv\/wp-json\/wp\/v2\/tags?post=20211"}],"curies":[{"name":"wp","href":"https:\/\/api.w.org\/{rel}","templated":true}]}}