{"id":20212,"date":"2012-05-30T16:29:00","date_gmt":"2012-05-30T16:29:00","guid":{"rendered":"http:\/\/localhost:81\/wp1\/?p=20212"},"modified":"2012-05-30T16:29:00","modified_gmt":"2012-05-30T16:29:00","slug":"encontro-mundial-das-familias-online","status":"publish","type":"post","link":"https:\/\/sites.ecclesia.pt\/cv\/encontro-mundial-das-familias-online\/","title":{"rendered":"Encontro Mundial das Fam\u00edlias online"},"content":{"rendered":"<p>http:\/\/www.family2012.com\/pt\/ <!--more--> Decorre de 30 de maio a 3 de junho na cidade italiana de Mil\u00e3o, o VII encontro mundial das fam\u00edlias, sob o lema \u201cA fam\u00edlia: o trabalho e a festa\u201d. Assim, esta semana propomos uma visita ao espa\u00e7o virtual criado para preparar e acompanhar este grande evento organizado pelo conselho pontif\u00edcio da fam\u00edlia.<\/p>\n<p>Ao digitarmos o endere\u00e7o www.family2012.com\/pt, entramos num espa\u00e7o perfeitamente enquadrado quer em termos gr\u00e1ficos, quer em termos de conte\u00fados. \u00c9 mais do que evidente que a primazia \u00e9 dada \u00e0 divulga\u00e7\u00e3o de informa\u00e7\u00f5es, encontrando-se em destaque os espa\u00e7os mais solicitados pelos utilizadores, com uma interface de navega\u00e7\u00e3o bastante facilitada. Sublinhamos ainda a presen\u00e7a deste encontro nas principais redes sociais (twitter, google+, facebook, youtube, flickr), bem como nas fundamentais plataformas m\u00f3veis (android e apple ios).<\/p>\n<p>Caso pretenda conhecer em detalhe tudo aquilo que vai acontecer na capital da regi\u00e3o da Lombardia, que termina no dia 3 de junho, com a missa presidida pelo Papa Bento XVI, basta clicar em \u201cprograma\u201d.<\/p>\n<p>Uma forma bastante interessante de nos prepararmos para este grande acontecimento ser\u00e1 atrav\u00e9s da realiza\u00e7\u00e3o das catequeses. Para isso temos de aceder ao item \u201ccomo se preparar\u201d. Isto porque \u201cas catequeses s\u00e3o subdivididas em tr\u00eas grupos, relativos, sequencialmente, \u00e0 fam\u00edlia, ao trabalho e \u00e0 festa, e introduzidas por uma catequese sobre o estilo da vida familiar. Elas tencionam iluminar o entrela\u00e7amento entre a experi\u00eancia da fam\u00edlia e a vida quotidiana na sociedade e no mundo\u201d.<\/p>\n<p>Na op\u00e7\u00e3o \u201cfeira da fam\u00edlia\u201d, poder\u00e1 obter as mais diversas informa\u00e7\u00f5es acerca desta iniciativa in\u00e9dita em It\u00e1lia que pretende ser um ponto \u201cde encontro, de interc\u00e2mbio e visibilidade para as associa\u00e7\u00f5es e as funda\u00e7\u00f5es do mundo eclesial e civil, para entidades e empresas e para aqueles que trabalham no setor da fam\u00edlia. Uma maneira para tornar mais evidente que a fam\u00edlia \u00e9 um valor fundamental para a sociedade\u201d. <\/p>\n<p>Por \u00faltimo, em \u201cmateriais informativos\u201d, obtemos um conjunto de conte\u00fados relacionados com este grande evento eclesial. Nomeadamente v\u00eddeos promocionais, folhetos, ora\u00e7\u00f5es e outros conte\u00fados, tudo devidamente organizado num s\u00f3 espa\u00e7o.<\/p>\n<p>Fica ent\u00e3o lan\u00e7ado o desafio para que visite e aproveite ao m\u00e1ximo este s\u00edtio que se encontra perfeitamente identificado com a realidade familiar em Igreja. <\/p>\n<p>Fernando Cassola Marques<\/p>\n","protected":false},"excerpt":{"rendered":"<p>http:\/\/www.family2012.com\/pt\/<\/p>\n","protected":false},"author":1,"featured_media":0,"comment_status":"open","ping_status":"open","sticky":false,"template":"","format":"standard","meta":{"footnotes":""},"categories":[54],"tags":[],"class_list":["post-20212","post","type-post","status-publish","format-standard","hentry","category-livros-e-multimedia"],"_links":{"self":[{"href":"https:\/\/sites.ecclesia.pt\/cv\/wp-json\/wp\/v2\/posts\/20212","targetHints":{"allow":["GET"]}}],"collection":[{"href":"https:\/\/sites.ecclesia.pt\/cv\/wp-json\/wp\/v2\/posts"}],"about":[{"href":"https:\/\/sites.ecclesia.pt\/cv\/wp-json\/wp\/v2\/types\/post"}],"author":[{"embeddable":true,"href":"https:\/\/sites.ecclesia.pt\/cv\/wp-json\/wp\/v2\/users\/1"}],"replies":[{"embeddable":true,"href":"https:\/\/sites.ecclesia.pt\/cv\/wp-json\/wp\/v2\/comments?post=20212"}],"version-history":[{"count":0,"href":"https:\/\/sites.ecclesia.pt\/cv\/wp-json\/wp\/v2\/posts\/20212\/revisions"}],"wp:attachment":[{"href":"https:\/\/sites.ecclesia.pt\/cv\/wp-json\/wp\/v2\/media?parent=20212"}],"wp:term":[{"taxonomy":"category","embeddable":true,"href":"https:\/\/sites.ecclesia.pt\/cv\/wp-json\/wp\/v2\/categories?post=20212"},{"taxonomy":"post_tag","embeddable":true,"href":"https:\/\/sites.ecclesia.pt\/cv\/wp-json\/wp\/v2\/tags?post=20212"}],"curies":[{"name":"wp","href":"https:\/\/api.w.org\/{rel}","templated":true}]}}