{"id":20241,"date":"2012-06-06T15:24:00","date_gmt":"2012-06-06T15:24:00","guid":{"rendered":"http:\/\/localhost:81\/wp1\/?p=20241"},"modified":"2012-06-06T15:24:00","modified_gmt":"2012-06-06T15:24:00","slug":"revista-cristo-e-a-cidade","status":"publish","type":"post","link":"https:\/\/sites.ecclesia.pt\/cv\/revista-cristo-e-a-cidade\/","title":{"rendered":"Revista \u00abCristo e a Cidade\u00bb"},"content":{"rendered":"<p>http:\/\/www.cristoeacidade.com <!--more--> Esta semana apresentamos uma proposta diferente, sendo que de certa maneira \u00e9 um s\u00edtio pouco habitual e inovador. Estamos a falar da revista digital \u201cCristo e a Cidade\u201d, que tem como principal objetivo a publica\u00e7\u00e3o de textos de opini\u00e3o originais sobre os mais variados temas, mas sempre numa perspetiva crist\u00e3.<\/p>\n<p>Este s\u00edtio \u00e9 ecum\u00e9nico, criado e desenvolvido por crist\u00e3os que pretendem que esta revista \u201ccres\u00e7a em divulga\u00e7\u00e3o e colaboradores\u201d. Ao n\u00e3o representar \u201cnenhuma Igreja crist\u00e3 em particular\u201d, este espa\u00e7o encontra-se aberto \u201c\u00e0 participa\u00e7\u00e3o de membros das v\u00e1rias Igrejas crist\u00e3s\u201d. \u201cParticipando, de modo exigente e rigoroso, nos debates que atravessam a sociedade contempor\u00e2nea, os dinamizadores de Cristo e a Cidade prop\u00f5em-se faz\u00ea-lo sem renunciar \u00e0s exig\u00eancias da raz\u00e3o nem \u00e0s da f\u00e9 crist\u00e3\u201d. <\/p>\n<p>Logo na p\u00e1gina inicial, encontramos os artigos redigidos para a edi\u00e7\u00e3o do m\u00eas, assim como os principais destaques, fomentado assim um maior interesse para a sua leitura. Temos ainda a possibilidade de ir acedendo \u00e0s edi\u00e7\u00f5es dos meses passados. De seguida, na op\u00e7\u00e3o \u201cNa Pra\u00e7a P\u00fablica\u201d, acedemos aos escritos do Dr. Elias Couto, sempre com um olhar perspicaz e bastante acutilante sobre acontecimentos e factos que v\u00e3o ocorrendo no dia-a-dia da polis. No item \u201ccolabora\u00e7\u00e3o dos leitores\u201d, como o pr\u00f3prio nome o indica, pretende-se que os contributos enviados pelas pessoas sejam a\u00ed colocados de maneira a que todos os seguidores possam ler e reflectir a partilha efetuada. Depois, as outras op\u00e7\u00f5es s\u00e3o meramente informativas, no entanto, s\u00e3o importantes, na medida em que podemos perceber quem s\u00e3o as pessoas que est\u00e3o por detr\u00e1s deste interessant\u00edssimo projeto, no item \u201ccolaboradores\u201d, e ainda perceber o porqu\u00ea da exist\u00eancia desta revista digital, em \u201cquem somos\u201d.<\/p>\n<p>Para finalizar, gostar\u00edamos somente de dizer que, num tempo em que a sociedade em geral pretende cada vez mais colocar os crist\u00e3os fora da pra\u00e7a p\u00fablica, este projeto \u00e9 arrojado, demonstrando uma coragem e capacidade de afirma\u00e7\u00e3o deveras interessante e a n\u00e3o perder de vista. <\/p>\n<p>\u00c9 mais um s\u00edtio a adicionar aos favoritos, devendo ser consultado mensalmente e com tempo dispon\u00edvel para nos \u201cperdermos na leitura e reflex\u00e3o\u201d, uma vez que se trata de \u201cum espa\u00e7o aberto a quantos partilhem as preocupa\u00e7\u00f5es e comunguem o desejo de levar por diante as tarefas culturais pr\u00f3prias dos crist\u00e3os, numa sociedade que s\u00f3 ser\u00e1 democr\u00e1tica se puder respirar a liberdade da diferen\u00e7a.\u201d<\/p>\n<p>Fernando Cassola Marques<\/p>\n","protected":false},"excerpt":{"rendered":"<p>http:\/\/www.cristoeacidade.com<\/p>\n","protected":false},"author":1,"featured_media":0,"comment_status":"open","ping_status":"open","sticky":false,"template":"","format":"standard","meta":{"footnotes":""},"categories":[54],"tags":[],"class_list":["post-20241","post","type-post","status-publish","format-standard","hentry","category-livros-e-multimedia"],"_links":{"self":[{"href":"https:\/\/sites.ecclesia.pt\/cv\/wp-json\/wp\/v2\/posts\/20241","targetHints":{"allow":["GET"]}}],"collection":[{"href":"https:\/\/sites.ecclesia.pt\/cv\/wp-json\/wp\/v2\/posts"}],"about":[{"href":"https:\/\/sites.ecclesia.pt\/cv\/wp-json\/wp\/v2\/types\/post"}],"author":[{"embeddable":true,"href":"https:\/\/sites.ecclesia.pt\/cv\/wp-json\/wp\/v2\/users\/1"}],"replies":[{"embeddable":true,"href":"https:\/\/sites.ecclesia.pt\/cv\/wp-json\/wp\/v2\/comments?post=20241"}],"version-history":[{"count":0,"href":"https:\/\/sites.ecclesia.pt\/cv\/wp-json\/wp\/v2\/posts\/20241\/revisions"}],"wp:attachment":[{"href":"https:\/\/sites.ecclesia.pt\/cv\/wp-json\/wp\/v2\/media?parent=20241"}],"wp:term":[{"taxonomy":"category","embeddable":true,"href":"https:\/\/sites.ecclesia.pt\/cv\/wp-json\/wp\/v2\/categories?post=20241"},{"taxonomy":"post_tag","embeddable":true,"href":"https:\/\/sites.ecclesia.pt\/cv\/wp-json\/wp\/v2\/tags?post=20241"}],"curies":[{"name":"wp","href":"https:\/\/api.w.org\/{rel}","templated":true}]}}