{"id":20242,"date":"2012-06-06T15:25:00","date_gmt":"2012-06-06T15:25:00","guid":{"rendered":"http:\/\/localhost:81\/wp1\/?p=20242"},"modified":"2012-06-06T15:25:00","modified_gmt":"2012-06-06T15:25:00","slug":"gaiteiros-em-estarreja","status":"publish","type":"post","link":"https:\/\/sites.ecclesia.pt\/cv\/gaiteiros-em-estarreja\/","title":{"rendered":"Gaiteiros em Estarreja"},"content":{"rendered":"<p>Os Gaiteiros de Lisboa s\u00e3o um grupo de poli-instrumentistas que se reuniram em torno de um projeto sonoro que alia a tradi\u00e7\u00e3o popular portuguesa e as de outras culturas num som t\u00e3o tradicional quando ousado. A sua  m\u00fasica privilegia o aspeto harm\u00f3nico. Usam instrumentos como a sanfona, a kissange e o balafon africano, flautas, trompas, ponteiras, gaitas de foles e tambores, muitos e furiosos tambores. Editaram at\u00e9 apresente cinco discos, come\u00e7ando por  \u201cInvas\u00f5es B\u00e1rbaras\u201d, em 1995.<\/p>\n<p>Carlos Guerreiro, Jos\u00e9 Manuel David, Jos\u00e9 Salgueiro, Pedro Calado, Paulo Marinho, Pedro Casaes e Rui Vaz atuam em Estarreja, no \u00e2mbito do Festim (festival intermunicipal de m\u00fasicas do mundo) e das festas de Santo Ant\u00f3nio.<\/p>\n<p>Concerto dos Gaiteiros de Lisboa na Pra\u00e7a Francisco Barbosa, Estarreja, dia 8 de junho, \u00e0s 22h. Entrada livre.  <\/p>\n","protected":false},"excerpt":{"rendered":"<p>Os Gaiteiros de Lisboa s\u00e3o um grupo de poli-instrumentistas que se reuniram em torno de um projeto sonoro que alia a tradi\u00e7\u00e3o popular portuguesa e as de outras culturas num som t\u00e3o tradicional quando ousado. A sua m\u00fasica privilegia o aspeto harm\u00f3nico. Usam instrumentos como a sanfona, a kissange e o balafon africano, flautas, trompas, [&hellip;]<\/p>\n","protected":false},"author":1,"featured_media":0,"comment_status":"open","ping_status":"open","sticky":false,"template":"","format":"standard","meta":{"footnotes":""},"categories":[67],"tags":[],"class_list":["post-20242","post","type-post","status-publish","format-standard","hentry","category-ver-ouvir-sair"],"_links":{"self":[{"href":"https:\/\/sites.ecclesia.pt\/cv\/wp-json\/wp\/v2\/posts\/20242","targetHints":{"allow":["GET"]}}],"collection":[{"href":"https:\/\/sites.ecclesia.pt\/cv\/wp-json\/wp\/v2\/posts"}],"about":[{"href":"https:\/\/sites.ecclesia.pt\/cv\/wp-json\/wp\/v2\/types\/post"}],"author":[{"embeddable":true,"href":"https:\/\/sites.ecclesia.pt\/cv\/wp-json\/wp\/v2\/users\/1"}],"replies":[{"embeddable":true,"href":"https:\/\/sites.ecclesia.pt\/cv\/wp-json\/wp\/v2\/comments?post=20242"}],"version-history":[{"count":0,"href":"https:\/\/sites.ecclesia.pt\/cv\/wp-json\/wp\/v2\/posts\/20242\/revisions"}],"wp:attachment":[{"href":"https:\/\/sites.ecclesia.pt\/cv\/wp-json\/wp\/v2\/media?parent=20242"}],"wp:term":[{"taxonomy":"category","embeddable":true,"href":"https:\/\/sites.ecclesia.pt\/cv\/wp-json\/wp\/v2\/categories?post=20242"},{"taxonomy":"post_tag","embeddable":true,"href":"https:\/\/sites.ecclesia.pt\/cv\/wp-json\/wp\/v2\/tags?post=20242"}],"curies":[{"name":"wp","href":"https:\/\/api.w.org\/{rel}","templated":true}]}}