{"id":20275,"date":"2012-06-06T15:16:00","date_gmt":"2012-06-06T15:16:00","guid":{"rendered":"http:\/\/localhost:81\/wp1\/?p=20275"},"modified":"2012-06-06T15:16:00","modified_gmt":"2012-06-06T15:16:00","slug":"peregrinacao-a-taize-vale-a-pena-experimentar","status":"publish","type":"post","link":"https:\/\/sites.ecclesia.pt\/cv\/peregrinacao-a-taize-vale-a-pena-experimentar\/","title":{"rendered":"Peregrina\u00e7\u00e3o a Taiz\u00e9, vale a pena experimentar!"},"content":{"rendered":"<p>Inscri\u00e7\u00f5es at\u00e9 1 de julho <!--more--> H\u00e1 alguns anos que o esp\u00edrito de Taiz\u00e9 vem contagiando muitos jovens de Aveiro. Pela universalidade da comunica\u00e7\u00e3o, pelo seu ecumenismo, pela simplicidade da sua ora\u00e7\u00e3o, pela simplicidade da comunica\u00e7\u00e3o com Deus. Ir a Taiz\u00e9 \u00e9 ir \u201cbeber da fonte\u201d. <\/p>\n<p>Na terceira sexta-feira de cada m\u00eas, a Igreja das Carmelitas (em frente ao tribunal de Aveiro) abre as suas portas a uma viv\u00eancia de ora\u00e7\u00e3o ao estilo de Taiz\u00e9. Num ambiente calmo, descontra\u00eddo, a Palavra \u00e9 servida ao som de c\u00e2nticos simples que todos somos convidados a cantar. <\/p>\n<p>O SDPJV Aveiro (Secretariado Diocesano de Pastoral Juvenil e Vocacional de Aveiro) quer proporcionar a todos quantos desejem uma experi\u00eancia orante diferente uma peregrina\u00e7\u00e3o a Taiz\u00e9 e tenta dar aos jovens algo de beber na sua sede de ora\u00e7\u00e3o.<\/p>\n<p>Num mundo cada vez mais agitado, esta \u00e9 a oportunidade de parar um pouco e tentar encontrar o verdadeiro caminho, o caminho simples, no meio das encruzilhadas do nosso dia-a-dia. <\/p>\n<p>Com idade inferior a 15 anos a participa\u00e7\u00e3o \u00e9 permitida em fam\u00edlia, por 150 euros. Jovens com idades dos 15 aos 17 t\u00eam de ir acompanhados de animador respons\u00e1vel e com autoriza\u00e7\u00e3o de sa\u00edda para o estrangeiro (conforme minuta entregue ap\u00f3s inscri\u00e7\u00e3o), pelo valor de 170 euros. Para jovens entre os 18 e 30 anos ou animadores e respons\u00e1veis de grupos, a participa\u00e7\u00e3o custa 170 euros. Para adultos com idade superior a 30 anos (que n\u00e3o sejam animadores) o valor de inscri\u00e7\u00e3o \u00e9 205 (alojamento em tenda pr\u00f3pria) ou 235 euros (alojamento nas camaratas). <\/p>\n<p>A inscri\u00e7\u00e3o inclui viagem de ida e volta em autocarro e alojamento com refei\u00e7\u00f5es durante a estadia em Taiz\u00e9 (de domingo ao jantar a domingo ao almo\u00e7o). Exclui as refei\u00e7\u00f5es durante as viagens.<\/p>\n<p>Os inscritos ter\u00e3o uma reuni\u00e3o de prepara\u00e7\u00e3o, durante o m\u00eas de julho, em data a divulgar.<\/p>\n<p>A inscri\u00e7\u00e3o s\u00f3 \u00e9 v\u00e1lida ap\u00f3s pagamento, para o NIB 0007 0230 00303950018 66 (envio de comprovativo para geral@sdpj-aveiro.org. Com a inscri\u00e7\u00e3o devem enviar c\u00f3pia do Cart\u00e3o do Cidad\u00e3o e do Cart\u00e3o Europeu de Sa\u00fade.<\/p>\n<p>A data limite de inscri\u00e7\u00f5es \u00e9 dia 1 de julho. <\/p>\n<p>Mais informa\u00e7\u00f5es em http:\/\/www.taize.fr\/pt.<\/p>\n<p>Esperamos por Ti!<\/p>\n<p>SDPJV<\/p>\n","protected":false},"excerpt":{"rendered":"<p>Inscri\u00e7\u00f5es at\u00e9 1 de julho<\/p>\n","protected":false},"author":1,"featured_media":0,"comment_status":"open","ping_status":"open","sticky":false,"template":"","format":"standard","meta":{"footnotes":""},"categories":[51],"tags":[],"class_list":["post-20275","post","type-post","status-publish","format-standard","hentry","category-jovens"],"_links":{"self":[{"href":"https:\/\/sites.ecclesia.pt\/cv\/wp-json\/wp\/v2\/posts\/20275","targetHints":{"allow":["GET"]}}],"collection":[{"href":"https:\/\/sites.ecclesia.pt\/cv\/wp-json\/wp\/v2\/posts"}],"about":[{"href":"https:\/\/sites.ecclesia.pt\/cv\/wp-json\/wp\/v2\/types\/post"}],"author":[{"embeddable":true,"href":"https:\/\/sites.ecclesia.pt\/cv\/wp-json\/wp\/v2\/users\/1"}],"replies":[{"embeddable":true,"href":"https:\/\/sites.ecclesia.pt\/cv\/wp-json\/wp\/v2\/comments?post=20275"}],"version-history":[{"count":0,"href":"https:\/\/sites.ecclesia.pt\/cv\/wp-json\/wp\/v2\/posts\/20275\/revisions"}],"wp:attachment":[{"href":"https:\/\/sites.ecclesia.pt\/cv\/wp-json\/wp\/v2\/media?parent=20275"}],"wp:term":[{"taxonomy":"category","embeddable":true,"href":"https:\/\/sites.ecclesia.pt\/cv\/wp-json\/wp\/v2\/categories?post=20275"},{"taxonomy":"post_tag","embeddable":true,"href":"https:\/\/sites.ecclesia.pt\/cv\/wp-json\/wp\/v2\/tags?post=20275"}],"curies":[{"name":"wp","href":"https:\/\/api.w.org\/{rel}","templated":true}]}}