{"id":20320,"date":"2012-06-14T10:37:00","date_gmt":"2012-06-14T10:37:00","guid":{"rendered":"http:\/\/localhost:81\/wp1\/?p=20320"},"modified":"2012-06-14T10:37:00","modified_gmt":"2012-06-14T10:37:00","slug":"secretariado-dos-pastorinhos-online","status":"publish","type":"post","link":"https:\/\/sites.ecclesia.pt\/cv\/secretariado-dos-pastorinhos-online\/","title":{"rendered":"Secretariado dos Pastorinhos online"},"content":{"rendered":"<p>No passado fim de semana decorreu em F\u00e1tima a 35.\u00aa Peregrina\u00e7\u00e3o Nacional das Crian\u00e7as, tendo como tema a pergunta feita por L\u00facia \u00e0 Virgem Maria: \u201cQue \u00e9 que vossemec\u00ea me quer?\u201d. Visto que todo este evento tem como base o encontro dos pastorinhos de F\u00e1tima com a Virgem, esta semana, propomos uma visita ao recentemente renovado s\u00edtio do Secretariado dos Pastorinhos.<\/p>\n<p>Ao digitarmos o endere\u00e7o www.pastorinhos.com entramos num espa\u00e7o virtual eminentemente informativo, onde a causa da postula\u00e7\u00e3o est\u00e1 bem presente, como n\u00e3o poderia deixar de ser. Na p\u00e1gina inicial, temos as \u00faltimas not\u00edcias relativas aos pastorinhos beatos de F\u00e1tima, bem como um conjunto de op\u00e7\u00f5es que passamos agora sucintamente a descrever.<\/p>\n<p>Na op\u00e7\u00e3o \u201cpostula\u00e7\u00e3o\u201d, ficamos a conhecer um pouco mais sobre a componente organizativa da postula\u00e7\u00e3o do Francisco e Jacinta Marto, que tem como grandes \u00e1reas de atua\u00e7\u00e3o o \u201cdar a conhecer a vida e a santidade dos Pastorinhos e a difus\u00e3o do seu culto entre o povo de Deus, estimulando tamb\u00e9m a que as pessoas pe\u00e7am gra\u00e7as atrav\u00e9s da intercess\u00e3o dos Pastorinhos\u201d. Por outro lado, \u00e9 tamb\u00e9m poss\u00edvel conhecermos a postuladora e um pouco da hist\u00f3ria desta causa que j\u00e1 se iniciou em 1952.<\/p>\n<p>Em \u201cFrancisco\u201d e \u201cJacinta\u201d, somos convidados a conhecer os principais dados hist\u00f3ricos da vida dos beatos de F\u00e1tima.<\/p>\n<p>No item \u201cbiblioteca\u201d, encontramos um conjunto de registos nos mais variados formatos, nomeadamente, imagens sobre a atualidade e hist\u00f3ria dos pastorinhos, textos redigidos na altura da beatifica\u00e7\u00e3o e v\u00eddeos promocionais relacionados com a hist\u00f3ria da Cova de Iria. <\/p>\n<p>Existe tamb\u00e9m uma \u00e1rea inteiramente dedicada \u00e0 componente lit\u00fargica que est\u00e1 associada ao processo de beatifica\u00e7\u00e3o, designadamente a Liturgia das Horas, a ladainha aprovada a 20 de fevereiro por D. Ant\u00f3nio Marto e ainda a ora\u00e7\u00e3o para pedir a canoniza\u00e7\u00e3o. <\/p>\n<p>Caso pretenda saber quais s\u00e3o e encomendar as publica\u00e7\u00f5es do Secretariado dos Pastorinhos, basta aceder a \u201cedi\u00e7\u00f5es\u201d. A\u00ed pode ler breves resenhas dos livros editados e ainda descarregar gratuitamente o primeiro volume do livro de mem\u00f3rias da Irm\u00e3 L\u00facia. Neste espa\u00e7o, pode tamb\u00e9m consultar todos os boletins informativos e descarreg\u00e1-los para o seu computador.<\/p>\n<p>Mesmo tendo em conta que este s\u00edtio n\u00e3o \u00e9 atualizado com regularidade, consideramos que as informa\u00e7\u00f5es nele contidas s\u00e3o merecedoras da nossa visita, para que possamos acompanhar de perto todo o processo de postula\u00e7\u00e3o.<\/p>\n<p>Fernando Cassola Marques<\/p>\n","protected":false},"excerpt":{"rendered":"<p>No passado fim de semana decorreu em F\u00e1tima a 35.\u00aa Peregrina\u00e7\u00e3o Nacional das Crian\u00e7as, tendo como tema a pergunta feita por L\u00facia \u00e0 Virgem Maria: \u201cQue \u00e9 que vossemec\u00ea me quer?\u201d. Visto que todo este evento tem como base o encontro dos pastorinhos de F\u00e1tima com a Virgem, esta semana, propomos uma visita ao recentemente [&hellip;]<\/p>\n","protected":false},"author":1,"featured_media":0,"comment_status":"open","ping_status":"open","sticky":false,"template":"","format":"standard","meta":{"footnotes":""},"categories":[54],"tags":[],"class_list":["post-20320","post","type-post","status-publish","format-standard","hentry","category-livros-e-multimedia"],"_links":{"self":[{"href":"https:\/\/sites.ecclesia.pt\/cv\/wp-json\/wp\/v2\/posts\/20320","targetHints":{"allow":["GET"]}}],"collection":[{"href":"https:\/\/sites.ecclesia.pt\/cv\/wp-json\/wp\/v2\/posts"}],"about":[{"href":"https:\/\/sites.ecclesia.pt\/cv\/wp-json\/wp\/v2\/types\/post"}],"author":[{"embeddable":true,"href":"https:\/\/sites.ecclesia.pt\/cv\/wp-json\/wp\/v2\/users\/1"}],"replies":[{"embeddable":true,"href":"https:\/\/sites.ecclesia.pt\/cv\/wp-json\/wp\/v2\/comments?post=20320"}],"version-history":[{"count":0,"href":"https:\/\/sites.ecclesia.pt\/cv\/wp-json\/wp\/v2\/posts\/20320\/revisions"}],"wp:attachment":[{"href":"https:\/\/sites.ecclesia.pt\/cv\/wp-json\/wp\/v2\/media?parent=20320"}],"wp:term":[{"taxonomy":"category","embeddable":true,"href":"https:\/\/sites.ecclesia.pt\/cv\/wp-json\/wp\/v2\/categories?post=20320"},{"taxonomy":"post_tag","embeddable":true,"href":"https:\/\/sites.ecclesia.pt\/cv\/wp-json\/wp\/v2\/tags?post=20320"}],"curies":[{"name":"wp","href":"https:\/\/api.w.org\/{rel}","templated":true}]}}