{"id":20321,"date":"2012-06-14T10:38:00","date_gmt":"2012-06-14T10:38:00","guid":{"rendered":"http:\/\/localhost:81\/wp1\/?p=20321"},"modified":"2012-06-14T10:38:00","modified_gmt":"2012-06-14T10:38:00","slug":"13-de-junho-na-historia-de-aveiro","status":"publish","type":"post","link":"https:\/\/sites.ecclesia.pt\/cv\/13-de-junho-na-historia-de-aveiro\/","title":{"rendered":"13 de junho na hist\u00f3ria de Aveiro"},"content":{"rendered":"<p>1100 \u2014 Zoleima Roupariz, sobrinho do \u00abservo de Deus\u00bb Zoleima Gon\u00e7alves, doou ao Mosteiro de Lorv\u00e3o, entre outras verbas, uma marinha em S\u00e1, junto do rio Vouga e perto do litoral do mar.<\/p>\n<p>1449 \u2014 Foi feita doa\u00e7\u00e3o da vila de Aveiro, com todas as suas rendas, a D. Sancho de Noronha, conde de Odemira e primo de El-Rei D. Afonso V.<\/p>\n<p>1511 \u2014 Foi impressa em Salamanca a \u201cRelectio de verbis obliquis\u201d, da autoria do insigne aveirense Mestre Aires Barbosa.<\/p>\n<p>1756 \u2014 Professou na Ordem Terceira de S. Francisco, no Col\u00e9gio de Coimbra, o eminente professor, orador sagrado e escritor aveirense Frei Ant\u00f3nio da Purifica\u00e7\u00e3o e Silva.<\/p>\n<p>1936 \u2014 No Teatro Aveirense, estreou-se a revista-fantasia de cunho regional intitulada \u00abAo Cantar do Galo\u00bb, original de Jos\u00e9 Vin\u00edcio Meireles e Manuel F. Vilhena, al\u00e9m de outros, levada \u00e0 cena pelo Grupo C\u00e9nico do Clube dos Galitos. Realizaram-se vinte representa\u00e7\u00f5es \u2013 que foram outros tantos \u00eaxitos \u2013 uma das quais em Coimbra, duas em Viana do Castelo e tr\u00eas em Lisboa, no Coliseu dos Recreios.<\/p>\n<p>Elenco da revista \u201cAo Cantar do Galo\u201d. Na primeira fila: Lurdes Teles; Am\u00e9rica Vinagre Coelho; Maria da Apresenta\u00e7\u00e3o Limas; Carolina Lemos Limas; Maria do Amparo Freitas; Ot\u00edlia Lemos Limas; Alice Pinto; Am\u00e9lia Albuquerque; Ester Amaral; Laura Albuquerque; \u00c1urea Ferreira; Maria Amaral. Em cima do muro: Maria Jos\u00e9 Couceiro; Deolinda Borrego; Salom\u00e9 Borrego; Aid\u00e9 Pires; Dora Ferreira; \u00c9lia Silva Rodrigues; Susana Pires; Sofia Costa; Estef\u00e2nia Pires; Felismina Carvalho; Carolina Velhinho; Georgina Louren\u00e7o; Olinda Jesus Fartura. (Foto de Fernando Morais Sarmento e identifica\u00e7\u00e3o das pessoas retiradas de http:\/\/www.prof2000.pt\/users\/avcultur\/FMSarmento\/GalFot010.htm).<\/p>\n<p>1937 \u2014 Na povoa\u00e7\u00e3o da Taipa, da freguesia de Requeixo, foi inaugurado o novo edif\u00edcio escolar, constru\u00eddo a expensas de uma subscri\u00e7\u00e3o local e de subs\u00eddios da C\u00e2mara Municipal e do Governo.<\/p>\n<p>Fonte: \u201cCalend\u00e1rio Hist\u00f3rico de Aveiro\u201d,  de Ant\u00f3nio Christo e Jo\u00e3o Gon\u00e7alves Gaspar.<\/p>\n","protected":false},"excerpt":{"rendered":"<p>1100 \u2014 Zoleima Roupariz, sobrinho do \u00abservo de Deus\u00bb Zoleima Gon\u00e7alves, doou ao Mosteiro de Lorv\u00e3o, entre outras verbas, uma marinha em S\u00e1, junto do rio Vouga e perto do litoral do mar. 1449 \u2014 Foi feita doa\u00e7\u00e3o da vila de Aveiro, com todas as suas rendas, a D. Sancho de Noronha, conde de Odemira [&hellip;]<\/p>\n","protected":false},"author":1,"featured_media":0,"comment_status":"open","ping_status":"open","sticky":false,"template":"","format":"standard","meta":{"footnotes":""},"categories":[56],"tags":[],"class_list":["post-20321","post","type-post","status-publish","format-standard","hentry","category-almanaque"],"_links":{"self":[{"href":"https:\/\/sites.ecclesia.pt\/cv\/wp-json\/wp\/v2\/posts\/20321","targetHints":{"allow":["GET"]}}],"collection":[{"href":"https:\/\/sites.ecclesia.pt\/cv\/wp-json\/wp\/v2\/posts"}],"about":[{"href":"https:\/\/sites.ecclesia.pt\/cv\/wp-json\/wp\/v2\/types\/post"}],"author":[{"embeddable":true,"href":"https:\/\/sites.ecclesia.pt\/cv\/wp-json\/wp\/v2\/users\/1"}],"replies":[{"embeddable":true,"href":"https:\/\/sites.ecclesia.pt\/cv\/wp-json\/wp\/v2\/comments?post=20321"}],"version-history":[{"count":0,"href":"https:\/\/sites.ecclesia.pt\/cv\/wp-json\/wp\/v2\/posts\/20321\/revisions"}],"wp:attachment":[{"href":"https:\/\/sites.ecclesia.pt\/cv\/wp-json\/wp\/v2\/media?parent=20321"}],"wp:term":[{"taxonomy":"category","embeddable":true,"href":"https:\/\/sites.ecclesia.pt\/cv\/wp-json\/wp\/v2\/categories?post=20321"},{"taxonomy":"post_tag","embeddable":true,"href":"https:\/\/sites.ecclesia.pt\/cv\/wp-json\/wp\/v2\/tags?post=20321"}],"curies":[{"name":"wp","href":"https:\/\/api.w.org\/{rel}","templated":true}]}}