{"id":20355,"date":"2012-06-21T10:05:00","date_gmt":"2012-06-21T10:05:00","guid":{"rendered":"http:\/\/localhost:81\/wp1\/?p=20355"},"modified":"2012-06-21T10:05:00","modified_gmt":"2012-06-21T10:05:00","slug":"equipa-da-pastoral-juvenil-em-convivio-de-final-do-ano","status":"publish","type":"post","link":"https:\/\/sites.ecclesia.pt\/cv\/equipa-da-pastoral-juvenil-em-convivio-de-final-do-ano\/","title":{"rendered":"Equipa da Pastoral Juvenil em conv\u00edvio de final do ano"},"content":{"rendered":"<p>Com o ano pastoral a chegar ao fim, a equipa do Secretariado Diocesano de Pastoral Juvenil e Vocacional de Aveiro (SDPJV) reuniu-se em conv\u00edvio para recarregar um pouco as baterias. O s\u00edtio escolhido foi o Parque do Ribeirinho, na Giesta, freguesia e par\u00f3quia de Oi\u00e3. Reinou o ambiente descontra\u00eddo e despreocupado, onde se conseguiu esquecer, por momentos, a az\u00e1fama do dia-a-dia e foi poss\u00edvel concentrar em gargalhadas, brincadeiras, sorrisos e partilhas. <\/p>\n<p>Depois de almo\u00e7o, o Bispo de Aveiro, D. Ant\u00f3nio Francisco, juntou-se \u00e0 Equipa, ado\u00e7ando o conv\u00edvio com hist\u00f3rias de vida e ensinamentos. <\/p>\n<p>Mesmo no desfecho do dia, aquando de uma caminhada para conhecer a natureza do parque, os c\u00e9us presentearam os \u201cdescontra\u00eddos\u201d com um maravilhoso arco-\u00edris. \u00c9 caso para se dizer: \u201cOlha de novo: n\u00e3o existem brancos, n\u00e3o existem amarelos, n\u00e3o existem negros: somos todos arco-\u00edris\u201d.<\/p>\n<p>\u00c9 certo que \u00e9 na diferen\u00e7a de cada um dos membros desta Equipa que se vai conseguindo construir a hist\u00f3ria da Pastoral Juvenil e Vocacional de Aveiro.<\/p>\n<p>Fazem bem momentos destes&#8230; Respira-se vontade de se ser +, em Fam\u00edlia!<\/p>\n<p>SDPJV<\/p>\n","protected":false},"excerpt":{"rendered":"<p>Com o ano pastoral a chegar ao fim, a equipa do Secretariado Diocesano de Pastoral Juvenil e Vocacional de Aveiro (SDPJV) reuniu-se em conv\u00edvio para recarregar um pouco as baterias. O s\u00edtio escolhido foi o Parque do Ribeirinho, na Giesta, freguesia e par\u00f3quia de Oi\u00e3. Reinou o ambiente descontra\u00eddo e despreocupado, onde se conseguiu esquecer, [&hellip;]<\/p>\n","protected":false},"author":1,"featured_media":0,"comment_status":"open","ping_status":"open","sticky":false,"template":"","format":"standard","meta":{"footnotes":""},"categories":[51],"tags":[],"class_list":["post-20355","post","type-post","status-publish","format-standard","hentry","category-jovens"],"_links":{"self":[{"href":"https:\/\/sites.ecclesia.pt\/cv\/wp-json\/wp\/v2\/posts\/20355","targetHints":{"allow":["GET"]}}],"collection":[{"href":"https:\/\/sites.ecclesia.pt\/cv\/wp-json\/wp\/v2\/posts"}],"about":[{"href":"https:\/\/sites.ecclesia.pt\/cv\/wp-json\/wp\/v2\/types\/post"}],"author":[{"embeddable":true,"href":"https:\/\/sites.ecclesia.pt\/cv\/wp-json\/wp\/v2\/users\/1"}],"replies":[{"embeddable":true,"href":"https:\/\/sites.ecclesia.pt\/cv\/wp-json\/wp\/v2\/comments?post=20355"}],"version-history":[{"count":0,"href":"https:\/\/sites.ecclesia.pt\/cv\/wp-json\/wp\/v2\/posts\/20355\/revisions"}],"wp:attachment":[{"href":"https:\/\/sites.ecclesia.pt\/cv\/wp-json\/wp\/v2\/media?parent=20355"}],"wp:term":[{"taxonomy":"category","embeddable":true,"href":"https:\/\/sites.ecclesia.pt\/cv\/wp-json\/wp\/v2\/categories?post=20355"},{"taxonomy":"post_tag","embeddable":true,"href":"https:\/\/sites.ecclesia.pt\/cv\/wp-json\/wp\/v2\/tags?post=20355"}],"curies":[{"name":"wp","href":"https:\/\/api.w.org\/{rel}","templated":true}]}}