{"id":20356,"date":"2012-06-21T10:06:00","date_gmt":"2012-06-21T10:06:00","guid":{"rendered":"http:\/\/localhost:81\/wp1\/?p=20356"},"modified":"2012-06-21T10:06:00","modified_gmt":"2012-06-21T10:06:00","slug":"por-que-vale-a-pena-ir-a-taize","status":"publish","type":"post","link":"https:\/\/sites.ecclesia.pt\/cv\/por-que-vale-a-pena-ir-a-taize\/","title":{"rendered":"Por que vale a pena ir a Taiz\u00e9?"},"content":{"rendered":"<p>Teresa Grancho<\/p>\n<p>Professora<\/p>\n<p>Ir a Taiz\u00e9 \u00e9 uma proposta de peregrina\u00e7\u00e3o, de caminhada interior, de encontro com Deus, no sil\u00eancio, na escuta de outras partilhas em l\u00ednguas diferentes, na vida comunit\u00e1ria que se torna uma exig\u00eancia do servir com alegria e na proximidade da alma com a raz\u00e3o iluminada pela luz da f\u00e9. Ir a Taiz\u00e9 \u00e9 trazer o compromisso como palavra chave para a mudan\u00e7a e a felicidade estampada no rosto dos jovens alunos porque experimentaram Deus e vivenciaram uma dimens\u00e3o diferente nas suas vidas: a dimens\u00e3o espiritual. \u00c9 fundamental descobrirmos e propormos esta dimens\u00e3o para nos encontrarmos melhor connosco pr\u00f3prios, com os outros, com o mundo, com o universo e para podermos sorrir para a exist\u00eancia.<\/p>\n<p>Manuel Augusto de Oliveira<\/p>\n<p>Vig\u00e1rio paroquial de Avanca e assistente do escutismo da Regi\u00e3o de Aveiro<\/p>\n<p>H\u00e1 na ida a Taiz\u00e9 algo de \u201cperegrinar\u201d, que explica o valor atribu\u00eddo por aqueles que fazem a experi\u00eancia de viver durante uma semana (em conjunto com pessoas oriundas de m\u00faltiplas origens) unidos \u00e0quela comunidade mon\u00e1stica do cora\u00e7\u00e3o de Fran\u00e7a. O sentido de \u201csair de si\u201d, de partir, que a genu\u00edna peregrina\u00e7\u00e3o provoca, \u00e9 vivenciado na estadia dos oito dias que norteiam a rotina de Taiz\u00e9. Isso lan\u00e7ar\u00e1 outra partida, fora do tempo dos rel\u00f3gios. Somos convidados a fazer uma viagem interior de confian\u00e7a (\u00e9 este um dos principais ingredientes de Taiz\u00e9), usufruindo da bela e simultaneamente inesperada \u201cpaisagem\u201d do \u201cesp\u00edrito humano\u201c no seu encontro com o \u201cVerbo encarnado\u201d. Tenho-a ouvido muitas vezes, parecendo-me bem, mesmo que insuficiente, e \u00e9 por isso que a melhor forma de convencer algu\u00e9m a ir a Taiz\u00e9 \u00e9: \u201cConfia em mim: vai!\u201d<\/p>\n","protected":false},"excerpt":{"rendered":"<p>Teresa Grancho Professora Ir a Taiz\u00e9 \u00e9 uma proposta de peregrina\u00e7\u00e3o, de caminhada interior, de encontro com Deus, no sil\u00eancio, na escuta de outras partilhas em l\u00ednguas diferentes, na vida comunit\u00e1ria que se torna uma exig\u00eancia do servir com alegria e na proximidade da alma com a raz\u00e3o iluminada pela luz da f\u00e9. Ir a [&hellip;]<\/p>\n","protected":false},"author":1,"featured_media":0,"comment_status":"open","ping_status":"open","sticky":false,"template":"","format":"standard","meta":{"footnotes":""},"categories":[51],"tags":[],"class_list":["post-20356","post","type-post","status-publish","format-standard","hentry","category-jovens"],"_links":{"self":[{"href":"https:\/\/sites.ecclesia.pt\/cv\/wp-json\/wp\/v2\/posts\/20356","targetHints":{"allow":["GET"]}}],"collection":[{"href":"https:\/\/sites.ecclesia.pt\/cv\/wp-json\/wp\/v2\/posts"}],"about":[{"href":"https:\/\/sites.ecclesia.pt\/cv\/wp-json\/wp\/v2\/types\/post"}],"author":[{"embeddable":true,"href":"https:\/\/sites.ecclesia.pt\/cv\/wp-json\/wp\/v2\/users\/1"}],"replies":[{"embeddable":true,"href":"https:\/\/sites.ecclesia.pt\/cv\/wp-json\/wp\/v2\/comments?post=20356"}],"version-history":[{"count":0,"href":"https:\/\/sites.ecclesia.pt\/cv\/wp-json\/wp\/v2\/posts\/20356\/revisions"}],"wp:attachment":[{"href":"https:\/\/sites.ecclesia.pt\/cv\/wp-json\/wp\/v2\/media?parent=20356"}],"wp:term":[{"taxonomy":"category","embeddable":true,"href":"https:\/\/sites.ecclesia.pt\/cv\/wp-json\/wp\/v2\/categories?post=20356"},{"taxonomy":"post_tag","embeddable":true,"href":"https:\/\/sites.ecclesia.pt\/cv\/wp-json\/wp\/v2\/tags?post=20356"}],"curies":[{"name":"wp","href":"https:\/\/api.w.org\/{rel}","templated":true}]}}