{"id":20357,"date":"2012-06-21T10:06:00","date_gmt":"2012-06-21T10:06:00","guid":{"rendered":"http:\/\/localhost:81\/wp1\/?p=20357"},"modified":"2012-06-21T10:06:00","modified_gmt":"2012-06-21T10:06:00","slug":"servidores-incondicionais","status":"publish","type":"post","link":"https:\/\/sites.ecclesia.pt\/cv\/servidores-incondicionais\/","title":{"rendered":"Servidores incondicionais"},"content":{"rendered":"<p>O Sacerd\u00f3cio,<\/p>\n<p>um servi\u00e7o de amor<\/p>\n<p>Jo\u00e3o Paulo Pimentel<\/p>\n<p>Paulus<\/p>\n<p>120 p\u00e1ginas<\/p>\n<p>\u201cQuando se deseja entender a fundo o que \u00e9 o sacerd\u00f3cio, torna-se sempre necess\u00e1rio voltar \u00e0s origens e contemplar o Mestre, ajoelhado, lavando os p\u00e9s dos Doze. [\u2026] Qualquer tarefa autenticamente sacerdotal deve estar marcada pela dimens\u00e3o de servi\u00e7o ou n\u00e3o ser\u00e1 sacerdotal, mesmo que realizada por um sacerdote. Em certo sentido, sacerdote deveria ser sin\u00f3nimo de servidor incondicional\u201d, escreve Jo\u00e3o Paulo Pimental no pref\u00e1cio desta obra.<\/p>\n<p>O autor, 53 anos, padre da prelatura do Opus Dei, ordenado em 1987, escreveu diversas obras de car\u00e1cter espiritual e \u00e9 capel\u00e3o da Resid\u00eancia Universit\u00e1ria dos \u00c1lamos e do Col\u00e9gio Universit\u00e1rio Montes Claros, em Lisboa.<\/p>\n","protected":false},"excerpt":{"rendered":"<p>O Sacerd\u00f3cio, um servi\u00e7o de amor Jo\u00e3o Paulo Pimentel Paulus 120 p\u00e1ginas \u201cQuando se deseja entender a fundo o que \u00e9 o sacerd\u00f3cio, torna-se sempre necess\u00e1rio voltar \u00e0s origens e contemplar o Mestre, ajoelhado, lavando os p\u00e9s dos Doze. [\u2026] Qualquer tarefa autenticamente sacerdotal deve estar marcada pela dimens\u00e3o de servi\u00e7o ou n\u00e3o ser\u00e1 sacerdotal, [&hellip;]<\/p>\n","protected":false},"author":1,"featured_media":0,"comment_status":"open","ping_status":"open","sticky":false,"template":"","format":"standard","meta":{"footnotes":""},"categories":[54],"tags":[],"class_list":["post-20357","post","type-post","status-publish","format-standard","hentry","category-livros-e-multimedia"],"_links":{"self":[{"href":"https:\/\/sites.ecclesia.pt\/cv\/wp-json\/wp\/v2\/posts\/20357","targetHints":{"allow":["GET"]}}],"collection":[{"href":"https:\/\/sites.ecclesia.pt\/cv\/wp-json\/wp\/v2\/posts"}],"about":[{"href":"https:\/\/sites.ecclesia.pt\/cv\/wp-json\/wp\/v2\/types\/post"}],"author":[{"embeddable":true,"href":"https:\/\/sites.ecclesia.pt\/cv\/wp-json\/wp\/v2\/users\/1"}],"replies":[{"embeddable":true,"href":"https:\/\/sites.ecclesia.pt\/cv\/wp-json\/wp\/v2\/comments?post=20357"}],"version-history":[{"count":0,"href":"https:\/\/sites.ecclesia.pt\/cv\/wp-json\/wp\/v2\/posts\/20357\/revisions"}],"wp:attachment":[{"href":"https:\/\/sites.ecclesia.pt\/cv\/wp-json\/wp\/v2\/media?parent=20357"}],"wp:term":[{"taxonomy":"category","embeddable":true,"href":"https:\/\/sites.ecclesia.pt\/cv\/wp-json\/wp\/v2\/categories?post=20357"},{"taxonomy":"post_tag","embeddable":true,"href":"https:\/\/sites.ecclesia.pt\/cv\/wp-json\/wp\/v2\/tags?post=20357"}],"curies":[{"name":"wp","href":"https:\/\/api.w.org\/{rel}","templated":true}]}}