{"id":20358,"date":"2012-06-21T10:07:00","date_gmt":"2012-06-21T10:07:00","guid":{"rendered":"http:\/\/localhost:81\/wp1\/?p=20358"},"modified":"2012-06-21T10:07:00","modified_gmt":"2012-06-21T10:07:00","slug":"vida-da-cofundadora-das-filhas-de-maria-auxiliadora","status":"publish","type":"post","link":"https:\/\/sites.ecclesia.pt\/cv\/vida-da-cofundadora-das-filhas-de-maria-auxiliadora\/","title":{"rendered":"Vida da cofundadora das Filhas de Maria Auxiliadora"},"content":{"rendered":"<p>Livro <!--more--> Uma vida simples e cheia de amor. Maria Domingas Mazzarello<\/p>\n<p>Maria Pia Giudici e Maria Borsi<\/p>\n<p>Edi\u00e7\u00f5es Salesianas<\/p>\n<p>288 p\u00e1ginas<\/p>\n<p>Maria Domingas Mazzarello teve uma vida breve, mas fecunda. Viveu entre 1837 e 1881, quase sempre nas colinas de Monferrato, Norte de It\u00e1lia, dedicando-se \u00e0 educa\u00e7\u00e3o das jovens, \u201cexperimentando o extraordin\u00e1rio na trama do ordin\u00e1rio\u201d. No entanto, o seu nome chegou longe, pois h\u00e1 uma comunidade de monges no Camboja com o seu nome, tal como um grupo de fam\u00edlias na Alemanha ou uma Biblioteca no Brasil.<\/p>\n<p>Nesta biografia, segundo escreve no pref\u00e1cio Ant\u00f3nia Colombo, superiora geral das Filhas de Maria Auxiliadora (instituto cofundado por Maria Domingas Mazzarello, sob orienta\u00e7\u00e3o de Dom Bosco), \u201csobressai o perfil hist\u00f3rico-espiritual da uma mulher de olhar aberto e perspicaz, de cora\u00e7\u00e3o apaixonado e humilde, de mensagem prof\u00e9tica enraizada na frescura do Evangelho e do carisma salesiano\u201d. <\/p>\n","protected":false},"excerpt":{"rendered":"<p>Livro<\/p>\n","protected":false},"author":1,"featured_media":0,"comment_status":"open","ping_status":"open","sticky":false,"template":"","format":"standard","meta":{"footnotes":""},"categories":[54],"tags":[],"class_list":["post-20358","post","type-post","status-publish","format-standard","hentry","category-livros-e-multimedia"],"_links":{"self":[{"href":"https:\/\/sites.ecclesia.pt\/cv\/wp-json\/wp\/v2\/posts\/20358","targetHints":{"allow":["GET"]}}],"collection":[{"href":"https:\/\/sites.ecclesia.pt\/cv\/wp-json\/wp\/v2\/posts"}],"about":[{"href":"https:\/\/sites.ecclesia.pt\/cv\/wp-json\/wp\/v2\/types\/post"}],"author":[{"embeddable":true,"href":"https:\/\/sites.ecclesia.pt\/cv\/wp-json\/wp\/v2\/users\/1"}],"replies":[{"embeddable":true,"href":"https:\/\/sites.ecclesia.pt\/cv\/wp-json\/wp\/v2\/comments?post=20358"}],"version-history":[{"count":0,"href":"https:\/\/sites.ecclesia.pt\/cv\/wp-json\/wp\/v2\/posts\/20358\/revisions"}],"wp:attachment":[{"href":"https:\/\/sites.ecclesia.pt\/cv\/wp-json\/wp\/v2\/media?parent=20358"}],"wp:term":[{"taxonomy":"category","embeddable":true,"href":"https:\/\/sites.ecclesia.pt\/cv\/wp-json\/wp\/v2\/categories?post=20358"},{"taxonomy":"post_tag","embeddable":true,"href":"https:\/\/sites.ecclesia.pt\/cv\/wp-json\/wp\/v2\/tags?post=20358"}],"curies":[{"name":"wp","href":"https:\/\/api.w.org\/{rel}","templated":true}]}}