{"id":20360,"date":"2012-06-21T10:09:00","date_gmt":"2012-06-21T10:09:00","guid":{"rendered":"http:\/\/localhost:81\/wp1\/?p=20360"},"modified":"2012-06-21T10:09:00","modified_gmt":"2012-06-21T10:09:00","slug":"rio-20","status":"publish","type":"post","link":"https:\/\/sites.ecclesia.pt\/cv\/rio-20\/","title":{"rendered":"Rio + 20"},"content":{"rendered":"<p>http:\/\/www.rio20.info\/2012\/ <!--more--> Decorre entre 20 e 22 de junho, na cidade do Rio de Janeiro, Brasil, a confer\u00eancia da Organiza\u00e7\u00e3o das Na\u00e7\u00f5es Unidas (ONU) sobre desenvolvimento sustent\u00e1vel, com o t\u00edtulo Rio+20. Achamos importante trazer para este espa\u00e7o este grande evento internacional, na medida em que os l\u00edderes dos 193 Estados que fazem parte da ONU v\u00e3o reunir-se para discutir sobre como podemos transformar o planeta num lugar melhor para viver, agora e nas gera\u00e7\u00f5es futuras. As tem\u00e1ticas da seguran\u00e7a alimentar, do direito \u00e0 \u00e1gua e das energias renov\u00e1veis est\u00e3o entre os assuntos em destaque nas negocia\u00e7\u00f5es. S\u00e3o esperados \u201ccerca de 50 mil visitantes, porque acontecer\u00e1 ao mesmo tempo a C\u00fapula dos Povos, uma iniciativa que contar\u00e1 com debates, palestras e muitas outras atividades sobre os mesmos temas da confer\u00eancia da ONU, mas em que estar\u00e3o envolvidos grupos da sociedade civil, como ONG e empresas\u201d.<\/p>\n<p>Assim, esta semana propomos que acompanhe o desenrolar dos trabalhos desta confer\u00eancia atrav\u00e9s do s\u00edtio inteiramente dedicado para o efeito.<\/p>\n<p>Na p\u00e1gina inicial encontramos um conjunto enorme de informa\u00e7\u00f5es, desde not\u00edcias a destaques para outros acontecimentos, notas de imprensa, documenta\u00e7\u00e3o e ainda apontadores para as principais redes sociais. <\/p>\n<p>Na op\u00e7\u00e3o \u201csobre\u201d, dispomos de um conjunto de dados que nos p\u00f5em ao corrente do surgimento deste evento, seja ao n\u00edvel do contexto, da hist\u00f3ria do desenvolvimento sustent\u00e1vel e de um conjunto de perguntas e respostas bastante elucidativas. <\/p>\n<p>Caso pretenda inteirar-se sobre todas as quest\u00f5es que est\u00e3o em cima da mesa, aceda a \u201cobjetivos e temas\u201d. Particularmente, ficamos a saber que os \u201cdois temas em foco na confer\u00eancia ser\u00e3o: (a) a economia verde no contexto do desenvolvimento sustent\u00e1vel e da erradica\u00e7\u00e3o da pobreza, e (b) o quadro institucional para o desenvolvimento sustent\u00e1vel\u201d.<\/p>\n<p>Existe um espa\u00e7o onde est\u00e3o listados todos os 193 estados-membros com a possibilidade de sabermos todas as informa\u00e7\u00f5es de cada um deles. Para isso aceda \u00e0 \u00e1rea \u201cestados-membro\u201d. <\/p>\n<p>Por \u00faltimo, destacamos apenas o item \u201cnot\u00edcias e m\u00eddia\u201d, onde temos ao dispor um conjunto de recursos multim\u00e9dia que v\u00e3o desde bibliotecas, brochuras e blogues a materiais para imprensa, fotografias e v\u00eddeos. <\/p>\n<p>Caso o tema seja do seu interesse, tem aqui um espa\u00e7o virtual que o coloca pr\u00f3ximo de tudo aquilo que se passa na \u201ccidade maravilhosa\u201d, neste grande debate mundial acerca de t\u00e3o importante e vital tem\u00e1tica.<\/p>\n<p>Fernando Cassola Marques<\/p>\n","protected":false},"excerpt":{"rendered":"<p>http:\/\/www.rio20.info\/2012\/<\/p>\n","protected":false},"author":1,"featured_media":0,"comment_status":"open","ping_status":"open","sticky":false,"template":"","format":"standard","meta":{"footnotes":""},"categories":[54],"tags":[],"class_list":["post-20360","post","type-post","status-publish","format-standard","hentry","category-livros-e-multimedia"],"_links":{"self":[{"href":"https:\/\/sites.ecclesia.pt\/cv\/wp-json\/wp\/v2\/posts\/20360","targetHints":{"allow":["GET"]}}],"collection":[{"href":"https:\/\/sites.ecclesia.pt\/cv\/wp-json\/wp\/v2\/posts"}],"about":[{"href":"https:\/\/sites.ecclesia.pt\/cv\/wp-json\/wp\/v2\/types\/post"}],"author":[{"embeddable":true,"href":"https:\/\/sites.ecclesia.pt\/cv\/wp-json\/wp\/v2\/users\/1"}],"replies":[{"embeddable":true,"href":"https:\/\/sites.ecclesia.pt\/cv\/wp-json\/wp\/v2\/comments?post=20360"}],"version-history":[{"count":0,"href":"https:\/\/sites.ecclesia.pt\/cv\/wp-json\/wp\/v2\/posts\/20360\/revisions"}],"wp:attachment":[{"href":"https:\/\/sites.ecclesia.pt\/cv\/wp-json\/wp\/v2\/media?parent=20360"}],"wp:term":[{"taxonomy":"category","embeddable":true,"href":"https:\/\/sites.ecclesia.pt\/cv\/wp-json\/wp\/v2\/categories?post=20360"},{"taxonomy":"post_tag","embeddable":true,"href":"https:\/\/sites.ecclesia.pt\/cv\/wp-json\/wp\/v2\/tags?post=20360"}],"curies":[{"name":"wp","href":"https:\/\/api.w.org\/{rel}","templated":true}]}}