{"id":20362,"date":"2012-06-21T10:11:00","date_gmt":"2012-06-21T10:11:00","guid":{"rendered":"http:\/\/localhost:81\/wp1\/?p=20362"},"modified":"2012-06-21T10:11:00","modified_gmt":"2012-06-21T10:11:00","slug":"gaiteiros-de-lisboa-em-ovar-sever-e-albergaria","status":"publish","type":"post","link":"https:\/\/sites.ecclesia.pt\/cv\/gaiteiros-de-lisboa-em-ovar-sever-e-albergaria\/","title":{"rendered":"Gaiteiros de Lisboa em Ovar, Sever e Albergaria"},"content":{"rendered":"<p>Depois de terem passado por Estarreja, os Gaiteiros de Lisboa atuam em Ovar (22 de junho, no Centro de Arte), em Sever do Vouga (23 de junho, no Centro das Artes do Espet\u00e1culo) e em Albergaria (24 de junho, na Quinta do Torre\u00e3o), sempre no \u00e2mbito do Festim (festival intermunicipal de m\u00fasicas do mundo). Os bilhetes para os dois primeiros concertos custam seis euros. Em Albergaria, ao ar livre, a entrada \u00e9 gratuita.<\/p>\n<p>Os Gaiteiros de Lisboa s\u00e3o um grupo emblem\u00e1tico e um dos mais originais projetos de reinven\u00e7\u00e3o da m\u00fasica portuguesa. No Festim apresentam o seu disco \u201cAvis Rara\u201d, reinventando melodias, poemas, polifonias e at\u00e9 instrumentos.<\/p>\n","protected":false},"excerpt":{"rendered":"<p>Depois de terem passado por Estarreja, os Gaiteiros de Lisboa atuam em Ovar (22 de junho, no Centro de Arte), em Sever do Vouga (23 de junho, no Centro das Artes do Espet\u00e1culo) e em Albergaria (24 de junho, na Quinta do Torre\u00e3o), sempre no \u00e2mbito do Festim (festival intermunicipal de m\u00fasicas do mundo). Os [&hellip;]<\/p>\n","protected":false},"author":1,"featured_media":0,"comment_status":"open","ping_status":"open","sticky":false,"template":"","format":"standard","meta":{"footnotes":""},"categories":[67],"tags":[],"class_list":["post-20362","post","type-post","status-publish","format-standard","hentry","category-ver-ouvir-sair"],"_links":{"self":[{"href":"https:\/\/sites.ecclesia.pt\/cv\/wp-json\/wp\/v2\/posts\/20362","targetHints":{"allow":["GET"]}}],"collection":[{"href":"https:\/\/sites.ecclesia.pt\/cv\/wp-json\/wp\/v2\/posts"}],"about":[{"href":"https:\/\/sites.ecclesia.pt\/cv\/wp-json\/wp\/v2\/types\/post"}],"author":[{"embeddable":true,"href":"https:\/\/sites.ecclesia.pt\/cv\/wp-json\/wp\/v2\/users\/1"}],"replies":[{"embeddable":true,"href":"https:\/\/sites.ecclesia.pt\/cv\/wp-json\/wp\/v2\/comments?post=20362"}],"version-history":[{"count":0,"href":"https:\/\/sites.ecclesia.pt\/cv\/wp-json\/wp\/v2\/posts\/20362\/revisions"}],"wp:attachment":[{"href":"https:\/\/sites.ecclesia.pt\/cv\/wp-json\/wp\/v2\/media?parent=20362"}],"wp:term":[{"taxonomy":"category","embeddable":true,"href":"https:\/\/sites.ecclesia.pt\/cv\/wp-json\/wp\/v2\/categories?post=20362"},{"taxonomy":"post_tag","embeddable":true,"href":"https:\/\/sites.ecclesia.pt\/cv\/wp-json\/wp\/v2\/tags?post=20362"}],"curies":[{"name":"wp","href":"https:\/\/api.w.org\/{rel}","templated":true}]}}