{"id":20363,"date":"2012-06-21T10:11:00","date_gmt":"2012-06-21T10:11:00","guid":{"rendered":"http:\/\/localhost:81\/wp1\/?p=20363"},"modified":"2012-06-21T10:11:00","modified_gmt":"2012-06-21T10:11:00","slug":"polis-da-ria-de-aveiro-mostrado-em-angeja","status":"publish","type":"post","link":"https:\/\/sites.ecclesia.pt\/cv\/polis-da-ria-de-aveiro-mostrado-em-angeja\/","title":{"rendered":"Polis da Ria de Aveiro mostrado em Angeja"},"content":{"rendered":"<p>\u201cPolis da Ria de Aveiro\u201d \u00e9 uma exposi\u00e7\u00e3o itinerante dos Estudos e Projetos do Polis Litoral Ria de Aveiro, que tem como objetivo divulgar as v\u00e1rias interven\u00e7\u00f5es no territ\u00f3rio que esta organiza\u00e7\u00e3o tem feito nos munic\u00edpios que comp\u00f5em a Comunidade Intermunicipal da Regi\u00e3o de Aveiro. A exposi\u00e7\u00e3o, de forte impacto visual, utiliza um mapa da \u00e1rea de interven\u00e7\u00e3o da opera\u00e7\u00e3o, com cerca de 70 metros quadrados, impresso e colocado no ch\u00e3o, sobre o qual est\u00e3o localizados os cerca de 30 cartazes referentes aos diferentes projetos, divididos em tr\u00eas \u00e1reas fundamentais: Institucional, Estudos e Projetos. Est\u00e1 patente no rec\u00e9m-inaugurado Pavilh\u00e3o de Angeja, at\u00e9 30 de junho. Entrada livre.<\/p>\n","protected":false},"excerpt":{"rendered":"<p>\u201cPolis da Ria de Aveiro\u201d \u00e9 uma exposi\u00e7\u00e3o itinerante dos Estudos e Projetos do Polis Litoral Ria de Aveiro, que tem como objetivo divulgar as v\u00e1rias interven\u00e7\u00f5es no territ\u00f3rio que esta organiza\u00e7\u00e3o tem feito nos munic\u00edpios que comp\u00f5em a Comunidade Intermunicipal da Regi\u00e3o de Aveiro. A exposi\u00e7\u00e3o, de forte impacto visual, utiliza um mapa da [&hellip;]<\/p>\n","protected":false},"author":1,"featured_media":0,"comment_status":"open","ping_status":"open","sticky":false,"template":"","format":"standard","meta":{"footnotes":""},"categories":[67],"tags":[],"class_list":["post-20363","post","type-post","status-publish","format-standard","hentry","category-ver-ouvir-sair"],"_links":{"self":[{"href":"https:\/\/sites.ecclesia.pt\/cv\/wp-json\/wp\/v2\/posts\/20363","targetHints":{"allow":["GET"]}}],"collection":[{"href":"https:\/\/sites.ecclesia.pt\/cv\/wp-json\/wp\/v2\/posts"}],"about":[{"href":"https:\/\/sites.ecclesia.pt\/cv\/wp-json\/wp\/v2\/types\/post"}],"author":[{"embeddable":true,"href":"https:\/\/sites.ecclesia.pt\/cv\/wp-json\/wp\/v2\/users\/1"}],"replies":[{"embeddable":true,"href":"https:\/\/sites.ecclesia.pt\/cv\/wp-json\/wp\/v2\/comments?post=20363"}],"version-history":[{"count":0,"href":"https:\/\/sites.ecclesia.pt\/cv\/wp-json\/wp\/v2\/posts\/20363\/revisions"}],"wp:attachment":[{"href":"https:\/\/sites.ecclesia.pt\/cv\/wp-json\/wp\/v2\/media?parent=20363"}],"wp:term":[{"taxonomy":"category","embeddable":true,"href":"https:\/\/sites.ecclesia.pt\/cv\/wp-json\/wp\/v2\/categories?post=20363"},{"taxonomy":"post_tag","embeddable":true,"href":"https:\/\/sites.ecclesia.pt\/cv\/wp-json\/wp\/v2\/tags?post=20363"}],"curies":[{"name":"wp","href":"https:\/\/api.w.org\/{rel}","templated":true}]}}