{"id":20364,"date":"2012-06-21T10:12:00","date_gmt":"2012-06-21T10:12:00","guid":{"rendered":"http:\/\/localhost:81\/wp1\/?p=20364"},"modified":"2012-06-21T10:12:00","modified_gmt":"2012-06-21T10:12:00","slug":"alunos-da-acav-mostram-pintura","status":"publish","type":"post","link":"https:\/\/sites.ecclesia.pt\/cv\/alunos-da-acav-mostram-pintura\/","title":{"rendered":"Alunos da ACAV mostram pintura"},"content":{"rendered":"<p>At\u00e9 ao final de junho, est\u00e1 patente ao p\u00fablico, na Galeria dos Pa\u00e7os do Concelho, em Aveiro, uma exposi\u00e7\u00e3o de pintura dos alunos da Associa\u00e7\u00e3o de Arte e Cultura de Aveiro (ACAV).<\/p>\n<p>A mostra apresenta trabalhos de Aida Coelho, Alberto, Ana Carolina, Ana Costa, Ana Isabel Morgado, Ana Lu\u00eds, Barros, Bernardete, Carla Silva, Carolina Freitas, Eug\u00e9nia Carreira, Eva, Fradinho, Guilherme Henriques, Helena Sei\u00e7a Neves, Isilda Mada\u00edl, Jo\u00e3o Fortes, Judite Campos, J\u00falia Sardo, Maria Jesus Silva, Maria Jos\u00e9 Pereira, Maria Lu\u00edsa Moreirinhas, Maria Odete Barros, Maria Susete, Manuela, Margarida Freitas, Olinda Greno e Rosa Barata Vasconcelos. <\/p>\n","protected":false},"excerpt":{"rendered":"<p>At\u00e9 ao final de junho, est\u00e1 patente ao p\u00fablico, na Galeria dos Pa\u00e7os do Concelho, em Aveiro, uma exposi\u00e7\u00e3o de pintura dos alunos da Associa\u00e7\u00e3o de Arte e Cultura de Aveiro (ACAV). A mostra apresenta trabalhos de Aida Coelho, Alberto, Ana Carolina, Ana Costa, Ana Isabel Morgado, Ana Lu\u00eds, Barros, Bernardete, Carla Silva, Carolina Freitas, [&hellip;]<\/p>\n","protected":false},"author":1,"featured_media":0,"comment_status":"open","ping_status":"open","sticky":false,"template":"","format":"standard","meta":{"footnotes":""},"categories":[67],"tags":[],"class_list":["post-20364","post","type-post","status-publish","format-standard","hentry","category-ver-ouvir-sair"],"_links":{"self":[{"href":"https:\/\/sites.ecclesia.pt\/cv\/wp-json\/wp\/v2\/posts\/20364","targetHints":{"allow":["GET"]}}],"collection":[{"href":"https:\/\/sites.ecclesia.pt\/cv\/wp-json\/wp\/v2\/posts"}],"about":[{"href":"https:\/\/sites.ecclesia.pt\/cv\/wp-json\/wp\/v2\/types\/post"}],"author":[{"embeddable":true,"href":"https:\/\/sites.ecclesia.pt\/cv\/wp-json\/wp\/v2\/users\/1"}],"replies":[{"embeddable":true,"href":"https:\/\/sites.ecclesia.pt\/cv\/wp-json\/wp\/v2\/comments?post=20364"}],"version-history":[{"count":0,"href":"https:\/\/sites.ecclesia.pt\/cv\/wp-json\/wp\/v2\/posts\/20364\/revisions"}],"wp:attachment":[{"href":"https:\/\/sites.ecclesia.pt\/cv\/wp-json\/wp\/v2\/media?parent=20364"}],"wp:term":[{"taxonomy":"category","embeddable":true,"href":"https:\/\/sites.ecclesia.pt\/cv\/wp-json\/wp\/v2\/categories?post=20364"},{"taxonomy":"post_tag","embeddable":true,"href":"https:\/\/sites.ecclesia.pt\/cv\/wp-json\/wp\/v2\/tags?post=20364"}],"curies":[{"name":"wp","href":"https:\/\/api.w.org\/{rel}","templated":true}]}}