{"id":20365,"date":"2012-06-21T10:13:00","date_gmt":"2012-06-21T10:13:00","guid":{"rendered":"http:\/\/localhost:81\/wp1\/?p=20365"},"modified":"2012-06-21T10:13:00","modified_gmt":"2012-06-21T10:13:00","slug":"20-de-junho-na-historia-de-aveiro","status":"publish","type":"post","link":"https:\/\/sites.ecclesia.pt\/cv\/20-de-junho-na-historia-de-aveiro\/","title":{"rendered":"20 de junho na hist\u00f3ria de Aveiro"},"content":{"rendered":"<p>1451 \u2014 Registaram-se cap\u00edtulos gerais de Cortes relativos \u00e0 vila de Aveiro, com as respostas r\u00e9gias.<\/p>\n<p>1456 \u2014 Foram ordenados cap\u00edtulos especiais de Cortes relativos \u00e0 vila de Aveiro, pelos quais prouve a El-Rei que se cumprisse o mandato r\u00e9gio acerca de os vizinhos destes reinos carregarem suas mercadorias sem irem com eles seus apaniguados.<\/p>\n<p>1511 \u2014 Foi passada carta de privil\u00e9gio ao Mosteiro de Jesus de Aveiro para ter um carniceiro escuso dos encargos do concelho.<\/p>\n<p>1608 \u2014 A favor de El-Rei e contra Pedro de Tavares e sua mulher D. Adriana de Sousa, foi dada senten\u00e7a sobre a d\u00edzima do bacalhau que entrasse em Aveiro e Esgueira.<\/p>\n<p>1613 \u2014 El-Rei D. Filipe II de Portugal mandou que, em virtude de alguns abusos \u2013 \u00abinconvenientes, desordens e conluios\u00bb \u2013 nas arremata\u00e7\u00f5es de obras das igrejas, fontes e cal\u00e7adas da vila de Aveiro, nas quais se aplicava a imposi\u00e7\u00e3o dos vinhos dela, n\u00e3o se procedesse a tais arremata\u00e7\u00f5es sem estar presente o provedor da Comarca de Esgueira.<\/p>\n<p>1739 \u2014 Foi passada provis\u00e3o de comiss\u00e1rio do Santo Of\u00edcio ao Padre Jo\u00e3o Monteiro de Sousa, vig\u00e1rio colado da igreja paroquial do Esp\u00edrito Santo, da vila de Aveiro.<\/p>\n<p>1768 \u2014 O Senado Municipal representou a El-Rei sobre a falta de estabilidade e seguran\u00e7a da barra.<\/p>\n<p>1857 \u2014 Os habitantes da cidade de Aveiro pediram a El-Rei D. Pedro V as provid\u00eancias necess\u00e1rias para que Alexandre Herculano pudesse continuar os seus trabalhos hist\u00f3ricos.<\/p>\n<p>1859 \u2014 O governador civil do Distrito, Nicolau Anast\u00e1cio de Bettencourt, por alvar\u00e1 desta data, aprovou o plano de divis\u00e3o dos trabalhos da secretaria do Governo Civil de Aveiro, organizado pelo secret\u00e1rio-geral Jos\u00e9 Ferreira da Cunha e Sousa.<\/p>\n<p>1888 \u2014 Procedeu-se \u00e0 instala\u00e7\u00e3o do Asilo-Escola Distrital, criado pela Junta Geral do Distrito em 5 de Abril passado.<\/p>\n<p>1890 \u2014 Um decreto governamental nomeou o Conselheiro Silv\u00e9rio Augusto Pereira da Silva para governador civil do Distrito de Aveiro \u2013 cargo que desempenhou at\u00e9 \u00e0 sua exonera\u00e7\u00e3o em 30 de Outubro do mesmo ano.<\/p>\n<p>1934 \u2014 O Papa Pio XI enviou uma carta muito honrosa ao insigne aveirense D. Jo\u00e3o Evangelista de Lima Vidal, ent\u00e3o arcebispo titular de Ossirinco e superior-geral da Sociedade Portuguesa das Miss\u00f5es Cat\u00f3licas Ultramarinas, a prop\u00f3sito da celebra\u00e7\u00e3o do vig\u00e9simo quinto anivers\u00e1rio da sua ordena\u00e7\u00e3o episcopal.<\/p>\n<p>1984 \u2014 Faleceu em Aveiro o Dr. Francisco Ferreira Neves que exerceu o magist\u00e9rio no Liceu local e fundou, com outros, o \u00abArquivo do Distrito de Aveiro\u00bb \u2013 revista orientada para temas de hist\u00f3ria, arqueologia e etnografia, onde publicou estudos sobre personagens, monumentos e acontecimentos de Aveiro.<\/p>\n<p>Fonte: \u201cCalend\u00e1rio Hist\u00f3rico de Aveiro\u201d,  de Ant\u00f3nio Christo e Jo\u00e3o Gon\u00e7alves Gaspar.<\/p>\n","protected":false},"excerpt":{"rendered":"<p>1451 \u2014 Registaram-se cap\u00edtulos gerais de Cortes relativos \u00e0 vila de Aveiro, com as respostas r\u00e9gias. 1456 \u2014 Foram ordenados cap\u00edtulos especiais de Cortes relativos \u00e0 vila de Aveiro, pelos quais prouve a El-Rei que se cumprisse o mandato r\u00e9gio acerca de os vizinhos destes reinos carregarem suas mercadorias sem irem com eles seus apaniguados. [&hellip;]<\/p>\n","protected":false},"author":1,"featured_media":0,"comment_status":"open","ping_status":"open","sticky":false,"template":"","format":"standard","meta":{"footnotes":""},"categories":[56],"tags":[],"class_list":["post-20365","post","type-post","status-publish","format-standard","hentry","category-almanaque"],"_links":{"self":[{"href":"https:\/\/sites.ecclesia.pt\/cv\/wp-json\/wp\/v2\/posts\/20365","targetHints":{"allow":["GET"]}}],"collection":[{"href":"https:\/\/sites.ecclesia.pt\/cv\/wp-json\/wp\/v2\/posts"}],"about":[{"href":"https:\/\/sites.ecclesia.pt\/cv\/wp-json\/wp\/v2\/types\/post"}],"author":[{"embeddable":true,"href":"https:\/\/sites.ecclesia.pt\/cv\/wp-json\/wp\/v2\/users\/1"}],"replies":[{"embeddable":true,"href":"https:\/\/sites.ecclesia.pt\/cv\/wp-json\/wp\/v2\/comments?post=20365"}],"version-history":[{"count":0,"href":"https:\/\/sites.ecclesia.pt\/cv\/wp-json\/wp\/v2\/posts\/20365\/revisions"}],"wp:attachment":[{"href":"https:\/\/sites.ecclesia.pt\/cv\/wp-json\/wp\/v2\/media?parent=20365"}],"wp:term":[{"taxonomy":"category","embeddable":true,"href":"https:\/\/sites.ecclesia.pt\/cv\/wp-json\/wp\/v2\/categories?post=20365"},{"taxonomy":"post_tag","embeddable":true,"href":"https:\/\/sites.ecclesia.pt\/cv\/wp-json\/wp\/v2\/tags?post=20365"}],"curies":[{"name":"wp","href":"https:\/\/api.w.org\/{rel}","templated":true}]}}