{"id":20368,"date":"2012-06-21T10:15:00","date_gmt":"2012-06-21T10:15:00","guid":{"rendered":"http:\/\/localhost:81\/wp1\/?p=20368"},"modified":"2012-06-21T10:15:00","modified_gmt":"2012-06-21T10:15:00","slug":"eles-disseram-sobre-a-arrogancia","status":"publish","type":"post","link":"https:\/\/sites.ecclesia.pt\/cv\/eles-disseram-sobre-a-arrogancia\/","title":{"rendered":"Eles disseram&#8230; sobre a arrog\u00e2ncia"},"content":{"rendered":"<p>Os arrogantes s\u00e3o como os bal\u00f5es: basta uma picadela de s\u00e1tira ou de dor para dar cabo deles.<\/p>\n<p>Madame de Stael<\/p>\n<p>Arrog\u00e2ncia: tend\u00eancia para dominar os outros para al\u00e9m dos pr\u00f3prios e leg\u00edtimos direitos e m\u00e9ritos.<\/p>\n<p>Jo\u00e3o Paulo II <\/p>\n<p>Muitos s\u00e3o orgulhosos por causa daquilo que sabem; face ao que n\u00e3o sabem, s\u00e3o arrogantes.<\/p>\n<p>Goethe <\/p>\n<p>A soberba nunca desce de onde sobe, mas cai sempre de onde subiu.<\/p>\n<p>Francisco Quevedo<\/p>\n","protected":false},"excerpt":{"rendered":"<p>Os arrogantes s\u00e3o como os bal\u00f5es: basta uma picadela de s\u00e1tira ou de dor para dar cabo deles. Madame de Stael Arrog\u00e2ncia: tend\u00eancia para dominar os outros para al\u00e9m dos pr\u00f3prios e leg\u00edtimos direitos e m\u00e9ritos. Jo\u00e3o Paulo II Muitos s\u00e3o orgulhosos por causa daquilo que sabem; face ao que n\u00e3o sabem, s\u00e3o arrogantes. Goethe [&hellip;]<\/p>\n","protected":false},"author":1,"featured_media":0,"comment_status":"open","ping_status":"open","sticky":false,"template":"","format":"standard","meta":{"footnotes":""},"categories":[56],"tags":[],"class_list":["post-20368","post","type-post","status-publish","format-standard","hentry","category-almanaque"],"_links":{"self":[{"href":"https:\/\/sites.ecclesia.pt\/cv\/wp-json\/wp\/v2\/posts\/20368","targetHints":{"allow":["GET"]}}],"collection":[{"href":"https:\/\/sites.ecclesia.pt\/cv\/wp-json\/wp\/v2\/posts"}],"about":[{"href":"https:\/\/sites.ecclesia.pt\/cv\/wp-json\/wp\/v2\/types\/post"}],"author":[{"embeddable":true,"href":"https:\/\/sites.ecclesia.pt\/cv\/wp-json\/wp\/v2\/users\/1"}],"replies":[{"embeddable":true,"href":"https:\/\/sites.ecclesia.pt\/cv\/wp-json\/wp\/v2\/comments?post=20368"}],"version-history":[{"count":0,"href":"https:\/\/sites.ecclesia.pt\/cv\/wp-json\/wp\/v2\/posts\/20368\/revisions"}],"wp:attachment":[{"href":"https:\/\/sites.ecclesia.pt\/cv\/wp-json\/wp\/v2\/media?parent=20368"}],"wp:term":[{"taxonomy":"category","embeddable":true,"href":"https:\/\/sites.ecclesia.pt\/cv\/wp-json\/wp\/v2\/categories?post=20368"},{"taxonomy":"post_tag","embeddable":true,"href":"https:\/\/sites.ecclesia.pt\/cv\/wp-json\/wp\/v2\/tags?post=20368"}],"curies":[{"name":"wp","href":"https:\/\/api.w.org\/{rel}","templated":true}]}}