{"id":20369,"date":"2012-06-21T10:16:00","date_gmt":"2012-06-21T10:16:00","guid":{"rendered":"http:\/\/localhost:81\/wp1\/?p=20369"},"modified":"2012-06-21T10:16:00","modified_gmt":"2012-06-21T10:16:00","slug":"patinho-feio","status":"publish","type":"post","link":"https:\/\/sites.ecclesia.pt\/cv\/patinho-feio\/","title":{"rendered":"Patinho feio"},"content":{"rendered":"<p>Po\u00e7o de Jacob &#8211; 111 <!--more--> Dizem que todas as fam\u00edlias t\u00eam o seu patinho feio. Por ser tocado pela sorte ou falta dela, pela boa ou m\u00e1 op\u00e7\u00e3o da circunst\u00e2ncia, ou talvez pelo temperamento, pelos traumas, enfim, um mundo de coisas que condicionam a nossa vida, pode uma pessoa ser o patinho feio da sua fam\u00edlia. Por vezes o mais rebelde. O mais deficiente. O que menos sorte teve na profiss\u00e3o, ou no casamento. O mais dif\u00edcil no comportamento. E, incrivelmente, corresponde ao mais amado, aquele que mais preocupa os pais, o que mais exige aten\u00e7\u00e3o e l\u00e1grimas\u2026<\/p>\n<p>Nos Evangelhos, o patinho feio sou eu e somos n\u00f3s, o filho pr\u00f3digo, o fugitivo que tudo gastou e esbanjou, riquezas e heran\u00e7a, mas que teve direito a uma festa na sua chegada, causando a m\u00e1goa do filho, dito fiel\u2026  Para Deus, o patinho feio \u00e9 a humanidade, e Ele nos espera para nos abra\u00e7ar e acolher na sua Miseric\u00f3rdia.<\/p>\n<p>Numa das minhas par\u00f3quias, um senhor de idade avan\u00e7ada chama \u201cpatinho feio\u201d a um dos seus filhos, o mais azarado em tudo, casamento e sa\u00fade. Esse filho, canceroso, esteve gravemente internado. Em muitas ocasi\u00f5es, disse-me o seu pai: \u201cVou ver o meu patinho feio\u201d. O cancro tirou-lhe a voz e ele fala atrav\u00e9s de um aparelho aplicado na garganta. Est\u00e1 sereno e confiante apesar da situa\u00e7\u00e3o irrevers\u00edvel. No dia da sua chegada \u00e0 casa, o pai entra pela sacristia, antes da Missa, com uma inesquec\u00edvel alegria estampada no rosto, e grita: \u201cSr. padre, o meu patinho feio j\u00e1 veio para casa\u201d. Emocionou-me. Lembrei-me da alegria que h\u00e1 no C\u00e9u por um pecador que se converte. Lembrei-me como \u00e9 importante para uma pessoa poder entender Deus como Pai, ter uma boa experi\u00eancia do seu pai da terra. Lembrei-me como me sinto patinho feio por pensar que o Pai n\u00e3o fica contente quando me v\u00ea e senti que ele se alegra sempre que me aproximo dele. Lembrei-me que toda a nossa vida de patinhos feios \u00e9 uma vida de belezas. Como dizia uma senhora, nesta quaresma: \u201cSr. padre, at\u00e9 quando sofro, agrade\u00e7o ao Pai\u201d. Lembrei-me que Deus n\u00e3o faz ace\u00e7\u00e3o de pessoas, onde houver um homem de bem, ele \u00e9 amado por Deus. Que Deus busca a ovelha perdida. Que Deus nos ama sem ter em conta os nossos pecados, sen\u00e3o ningu\u00e9m poderia salvar-se, como diz o salmo. Que a Miseric\u00f3rdia de Deus \u2013 pode-se dizer \u2013 \u00e9 o Seu exerc\u00edcio preferido.<\/p>\n<p>Ser patinho feio \u00e9 simplesmente ser AMADO, apesar da pequenez e da feiura. \u201cO meu patinho feio regressou\u201d. Alegria naquela fam\u00edlia, apesar da doen\u00e7a\u2026 \u201cEle est\u00e1 e isso nos basta, o resto, n\u00f3s cuidamos dele\u201d. E penso que s\u00f3 um pai de verdade e uma m\u00e3e de verdade sabem isso. Quantos casais se separaram quando a doen\u00e7a bateu \u00e0 porta de um dos c\u00f4njuges! \u201cN\u00e3o te quero doente, dependente\u201d, apesar de ter jurado amor na doen\u00e7a e na sa\u00fade, por toda a vida\u2026<\/p>\n<p>A dimens\u00e3o da f\u00e9 e o ser capaz de amar os outros com esp\u00edrito de fraternidade, paternidade e maternidade \u00e9 necess\u00e1ria para entender o patinho feio\u2026 Mesmo  no casamento, mesmo nos padres e freiras. H\u00e1 dias, diante da frieza de uma religiosa numa situa\u00e7\u00e3o que nos emocionava, uma senhora de minha par\u00f3quia disse \u00e0 freira: \u201cSabe, irm\u00e3, o que lhe faz falta? Ser m\u00e3e!\u201d Ent\u00e3o entenderia o patinho feio e seria capaz de dar um verdadeiro amor e voltar a  emocionar-se. Tanta gente que se queixa da frieza de padres e freiras em col\u00e9gios e hospitais, diante de situa\u00e7\u00f5es ditas emocionantes, para a maioria. De facto, ser padre ou ser religiosa implica uma esp\u00e9cie de maternidade ou paternidade noutro \u00e2mbito da vida. Sem sentido de paternidade ou de maternidade ningu\u00e9m se deveria consagrar, pois os patinhos feios andam por a\u00ed, \u00e0 espera que os olhos misericordiosos de Deus se manifestem atrav\u00e9s dos que tem F\u00e9\u2026 Por seres crist\u00e3o tens de estar atento ao patinho feio da tua comunidade e dar-lhe o amor do Pai do C\u00e9u que \u00e9 m\u00e3e tamb\u00e9m\u2026 Afinal, tamb\u00e9m tu, patinho feio, precisas do colo e do calor do Pai Deus para n\u00e3o te sentires rejeitado pela vida.<\/p>\n<p>Vitor Espadilha<\/p>\n","protected":false},"excerpt":{"rendered":"<p>Po\u00e7o de Jacob &#8211; 111<\/p>\n","protected":false},"author":1,"featured_media":0,"comment_status":"open","ping_status":"open","sticky":false,"template":"","format":"standard","meta":{"footnotes":""},"categories":[52],"tags":[],"class_list":["post-20369","post","type-post","status-publish","format-standard","hentry","category-espiritualidade"],"_links":{"self":[{"href":"https:\/\/sites.ecclesia.pt\/cv\/wp-json\/wp\/v2\/posts\/20369","targetHints":{"allow":["GET"]}}],"collection":[{"href":"https:\/\/sites.ecclesia.pt\/cv\/wp-json\/wp\/v2\/posts"}],"about":[{"href":"https:\/\/sites.ecclesia.pt\/cv\/wp-json\/wp\/v2\/types\/post"}],"author":[{"embeddable":true,"href":"https:\/\/sites.ecclesia.pt\/cv\/wp-json\/wp\/v2\/users\/1"}],"replies":[{"embeddable":true,"href":"https:\/\/sites.ecclesia.pt\/cv\/wp-json\/wp\/v2\/comments?post=20369"}],"version-history":[{"count":0,"href":"https:\/\/sites.ecclesia.pt\/cv\/wp-json\/wp\/v2\/posts\/20369\/revisions"}],"wp:attachment":[{"href":"https:\/\/sites.ecclesia.pt\/cv\/wp-json\/wp\/v2\/media?parent=20369"}],"wp:term":[{"taxonomy":"category","embeddable":true,"href":"https:\/\/sites.ecclesia.pt\/cv\/wp-json\/wp\/v2\/categories?post=20369"},{"taxonomy":"post_tag","embeddable":true,"href":"https:\/\/sites.ecclesia.pt\/cv\/wp-json\/wp\/v2\/tags?post=20369"}],"curies":[{"name":"wp","href":"https:\/\/api.w.org\/{rel}","templated":true}]}}