{"id":20370,"date":"2012-06-21T10:17:00","date_gmt":"2012-06-21T10:17:00","guid":{"rendered":"http:\/\/localhost:81\/wp1\/?p=20370"},"modified":"2012-06-21T10:17:00","modified_gmt":"2012-06-21T10:17:00","slug":"doenca-que-passa","status":"publish","type":"post","link":"https:\/\/sites.ecclesia.pt\/cv\/doenca-que-passa\/","title":{"rendered":"Doen\u00e7a que passa"},"content":{"rendered":"<p>Rir e pensar <!--more--> Dois planetas encontram-se algures no universo.<\/p>\n<p>O primeiro pergunta: \u201cComo est\u00e1 voc\u00ea?\u201d<\/p>\n<p>O outro responde: \u201cMuito mal. Estou doente. Tenho homo sapiens\u201d. <\/p>\n<p>O primeiro responde: \u201cSinto muito. \u00c9 uma coisa terr\u00edvel. Eu tamb\u00e9m tive. Mas n\u00e3o se preocupe que passa!\u201d<\/p>\n<p>Piada contada pelo te\u00f3logo Jurgen Moltmann, no contexto da crise ecol\u00f3gica, e enviada pelo P.e Pedro Jos\u00e9.<\/p>\n","protected":false},"excerpt":{"rendered":"<p>Rir e pensar<\/p>\n","protected":false},"author":1,"featured_media":0,"comment_status":"open","ping_status":"open","sticky":false,"template":"","format":"standard","meta":{"footnotes":""},"categories":[52],"tags":[],"class_list":["post-20370","post","type-post","status-publish","format-standard","hentry","category-espiritualidade"],"_links":{"self":[{"href":"https:\/\/sites.ecclesia.pt\/cv\/wp-json\/wp\/v2\/posts\/20370","targetHints":{"allow":["GET"]}}],"collection":[{"href":"https:\/\/sites.ecclesia.pt\/cv\/wp-json\/wp\/v2\/posts"}],"about":[{"href":"https:\/\/sites.ecclesia.pt\/cv\/wp-json\/wp\/v2\/types\/post"}],"author":[{"embeddable":true,"href":"https:\/\/sites.ecclesia.pt\/cv\/wp-json\/wp\/v2\/users\/1"}],"replies":[{"embeddable":true,"href":"https:\/\/sites.ecclesia.pt\/cv\/wp-json\/wp\/v2\/comments?post=20370"}],"version-history":[{"count":0,"href":"https:\/\/sites.ecclesia.pt\/cv\/wp-json\/wp\/v2\/posts\/20370\/revisions"}],"wp:attachment":[{"href":"https:\/\/sites.ecclesia.pt\/cv\/wp-json\/wp\/v2\/media?parent=20370"}],"wp:term":[{"taxonomy":"category","embeddable":true,"href":"https:\/\/sites.ecclesia.pt\/cv\/wp-json\/wp\/v2\/categories?post=20370"},{"taxonomy":"post_tag","embeddable":true,"href":"https:\/\/sites.ecclesia.pt\/cv\/wp-json\/wp\/v2\/tags?post=20370"}],"curies":[{"name":"wp","href":"https:\/\/api.w.org\/{rel}","templated":true}]}}