{"id":204,"date":"2010-01-08T10:19:00","date_gmt":"2010-01-08T10:19:00","guid":{"rendered":"http:\/\/localhost:81\/wp1\/?p=204"},"modified":"2010-01-08T10:19:00","modified_gmt":"2010-01-08T10:19:00","slug":"guine-bissau","status":"publish","type":"post","link":"https:\/\/sites.ecclesia.pt\/cv\/guine-bissau\/","title":{"rendered":"Guin\u00e9-Bissau"},"content":{"rendered":"<p>Pelo Mundo <!--more--> Os bispos locais consideram que o pa\u00eds dificilmente obter\u00e1 uma paz duradoura enquanto n\u00e3o forem resolvidas as car\u00eancias sociais que afectam uma parte significativa da popula\u00e7\u00e3o, nomeadamente ao n\u00edvel da sa\u00fade e das vias de comunica\u00e7\u00e3o terrestres. A mensagem de Natal aponta tr\u00eas problemas maiores: a Reconcilia\u00e7\u00e3o, a Justi\u00e7a e a Paz.<\/p>\n","protected":false},"excerpt":{"rendered":"<p>Pelo Mundo<\/p>\n","protected":false},"author":1,"featured_media":0,"comment_status":"open","ping_status":"open","sticky":false,"template":"","format":"standard","meta":{"footnotes":""},"categories":[55],"tags":[],"class_list":["post-204","post","type-post","status-publish","format-standard","hentry","category-igreja-no-mundo"],"_links":{"self":[{"href":"https:\/\/sites.ecclesia.pt\/cv\/wp-json\/wp\/v2\/posts\/204","targetHints":{"allow":["GET"]}}],"collection":[{"href":"https:\/\/sites.ecclesia.pt\/cv\/wp-json\/wp\/v2\/posts"}],"about":[{"href":"https:\/\/sites.ecclesia.pt\/cv\/wp-json\/wp\/v2\/types\/post"}],"author":[{"embeddable":true,"href":"https:\/\/sites.ecclesia.pt\/cv\/wp-json\/wp\/v2\/users\/1"}],"replies":[{"embeddable":true,"href":"https:\/\/sites.ecclesia.pt\/cv\/wp-json\/wp\/v2\/comments?post=204"}],"version-history":[{"count":0,"href":"https:\/\/sites.ecclesia.pt\/cv\/wp-json\/wp\/v2\/posts\/204\/revisions"}],"wp:attachment":[{"href":"https:\/\/sites.ecclesia.pt\/cv\/wp-json\/wp\/v2\/media?parent=204"}],"wp:term":[{"taxonomy":"category","embeddable":true,"href":"https:\/\/sites.ecclesia.pt\/cv\/wp-json\/wp\/v2\/categories?post=204"},{"taxonomy":"post_tag","embeddable":true,"href":"https:\/\/sites.ecclesia.pt\/cv\/wp-json\/wp\/v2\/tags?post=204"}],"curies":[{"name":"wp","href":"https:\/\/api.w.org\/{rel}","templated":true}]}}