{"id":20480,"date":"2012-07-04T15:38:00","date_gmt":"2012-07-04T15:38:00","guid":{"rendered":"http:\/\/localhost:81\/wp1\/?p=20480"},"modified":"2012-07-04T15:38:00","modified_gmt":"2012-07-04T15:38:00","slug":"festival-jota-2012-online","status":"publish","type":"post","link":"https:\/\/sites.ecclesia.pt\/cv\/festival-jota-2012-online\/","title":{"rendered":"Festival Jota 2012 Online"},"content":{"rendered":"<p>http:\/\/www.festivaljota.com <!--more--> A menos de um m\u00eas do maior evento de m\u00fasica de mensagem crist\u00e3 em Portugal, esta semana, propomos uma visita ao s\u00edtio do Festival Jota. Este grande acontecimento que j\u00e1 vai na sua quinta edi\u00e7\u00e3o, este ano acontece na capital da Juventude, no parque de campismo de Braga, junto ao est\u00e1dio Primeiro de Maio. O espa\u00e7o, refere a organiza\u00e7\u00e3o, \u201cajusta-se a um grande n\u00famero de propostas que a organiza\u00e7\u00e3o pretende fazer\u201d.  <\/p>\n<p>Ao entrarmos neste espa\u00e7o virtual, percebemos claramente que todo o s\u00edtio est\u00e1 graficamente bem enquadrado, passando uma imagem bastante jovem e agrad\u00e1vel. Logo na p\u00e1gina inicial, al\u00e9m das not\u00edcias sempre actualizadas, que pretendem evidenciar a import\u00e2ncia deste encontro juvenil, temos ainda liga\u00e7\u00f5es para a presen\u00e7a deste evento nas principais redes sociais (facebook, twitter e youtube).<\/p>\n<p>Al\u00e9m da natural ficha de inscri\u00e7\u00e3o, cartaz com o programa, espa\u00e7os de alojamento e os contactos, podemos clicar em \u201catividades\u201d, onde temos uma descri\u00e7\u00e3o de todos eventos que far\u00e3o parte do cartaz (concertos, workshops, actividades diversas, cristoteca, etc.). No item \u201centrevista-jota\u201d, encontramos algumas conversas onde os artistas convidados para o festival (David Neutel, Kenosis Dicen, Missio, Luz Jovem e a banda evang\u00e9lica Cora\u00e7\u00e3o Prof\u00e9tico) levantam um bocadinho o v\u00e9u sobre a sua participa\u00e7\u00e3o neste evento cat\u00f3lico. Em \u201cv\u00eddeos\u201d, dispomos de tr\u00eas espa\u00e7os bastante distintos: no primeiro podemos assistir a alguns videoclips das m\u00fasicas que v\u00e3o ser interpretadas na cidade bracarense, no outro, spots promocionais que v\u00e3o sendo transmitidos nos media, e no terceiro, um arquivo de todos os v\u00eddeos que passaram nos meios de comunica\u00e7\u00e3o sobre os festivais passados. Por \u00faltimo, destacamos as liga\u00e7\u00f5es para todos os espa\u00e7os virtuais das quatro primeiras edi\u00e7\u00f5es deste megaevento de m\u00fasica crist\u00e3.<\/p>\n<p>Aqui fica ent\u00e3o a sugest\u00e3o, naveguem at\u00e9 ao espa\u00e7o deste festival para que fiquem a conhecer um pouco mais acerca de tudo aquilo que est\u00e1 programado para os dias 20, 21 e 22 do m\u00eas de julho, num ambiente fant\u00e1stico com muita anima\u00e7\u00e3o, juventude e festa.<\/p>\n<p>Fernando Cassola Marques<\/p>\n","protected":false},"excerpt":{"rendered":"<p>http:\/\/www.festivaljota.com<\/p>\n","protected":false},"author":1,"featured_media":0,"comment_status":"open","ping_status":"open","sticky":false,"template":"","format":"standard","meta":{"footnotes":""},"categories":[54],"tags":[],"class_list":["post-20480","post","type-post","status-publish","format-standard","hentry","category-livros-e-multimedia"],"_links":{"self":[{"href":"https:\/\/sites.ecclesia.pt\/cv\/wp-json\/wp\/v2\/posts\/20480","targetHints":{"allow":["GET"]}}],"collection":[{"href":"https:\/\/sites.ecclesia.pt\/cv\/wp-json\/wp\/v2\/posts"}],"about":[{"href":"https:\/\/sites.ecclesia.pt\/cv\/wp-json\/wp\/v2\/types\/post"}],"author":[{"embeddable":true,"href":"https:\/\/sites.ecclesia.pt\/cv\/wp-json\/wp\/v2\/users\/1"}],"replies":[{"embeddable":true,"href":"https:\/\/sites.ecclesia.pt\/cv\/wp-json\/wp\/v2\/comments?post=20480"}],"version-history":[{"count":0,"href":"https:\/\/sites.ecclesia.pt\/cv\/wp-json\/wp\/v2\/posts\/20480\/revisions"}],"wp:attachment":[{"href":"https:\/\/sites.ecclesia.pt\/cv\/wp-json\/wp\/v2\/media?parent=20480"}],"wp:term":[{"taxonomy":"category","embeddable":true,"href":"https:\/\/sites.ecclesia.pt\/cv\/wp-json\/wp\/v2\/categories?post=20480"},{"taxonomy":"post_tag","embeddable":true,"href":"https:\/\/sites.ecclesia.pt\/cv\/wp-json\/wp\/v2\/tags?post=20480"}],"curies":[{"name":"wp","href":"https:\/\/api.w.org\/{rel}","templated":true}]}}