{"id":205,"date":"2010-01-08T10:19:00","date_gmt":"2010-01-08T10:19:00","guid":{"rendered":"http:\/\/localhost:81\/wp1\/?p=205"},"modified":"2010-01-08T10:19:00","modified_gmt":"2010-01-08T10:19:00","slug":"china","status":"publish","type":"post","link":"https:\/\/sites.ecclesia.pt\/cv\/china\/","title":{"rendered":"China"},"content":{"rendered":"<p>Pelo Mundo <!--more--> O bispo de Xangai, D. Aloysius Jin Luxian, exortou a comunidade cat\u00f3lica da diocese a inspirar-se no exemplo de Matteo Ricci, evocando o quarto centen\u00e1rio da morte do mission\u00e1rio jesu\u00edta, que ocorrer\u00e1 no dia 11 de Maio. A f\u00e9 em Deus, o amor pela cultura chinesa e o respeito pelos professores e amigos s\u00e3o algumas das qualidades de Matteo Ricci que o bispo convidou os fi\u00e9is a seguirem.<\/p>\n","protected":false},"excerpt":{"rendered":"<p>Pelo Mundo<\/p>\n","protected":false},"author":1,"featured_media":0,"comment_status":"open","ping_status":"open","sticky":false,"template":"","format":"standard","meta":{"footnotes":""},"categories":[55],"tags":[],"class_list":["post-205","post","type-post","status-publish","format-standard","hentry","category-igreja-no-mundo"],"_links":{"self":[{"href":"https:\/\/sites.ecclesia.pt\/cv\/wp-json\/wp\/v2\/posts\/205","targetHints":{"allow":["GET"]}}],"collection":[{"href":"https:\/\/sites.ecclesia.pt\/cv\/wp-json\/wp\/v2\/posts"}],"about":[{"href":"https:\/\/sites.ecclesia.pt\/cv\/wp-json\/wp\/v2\/types\/post"}],"author":[{"embeddable":true,"href":"https:\/\/sites.ecclesia.pt\/cv\/wp-json\/wp\/v2\/users\/1"}],"replies":[{"embeddable":true,"href":"https:\/\/sites.ecclesia.pt\/cv\/wp-json\/wp\/v2\/comments?post=205"}],"version-history":[{"count":0,"href":"https:\/\/sites.ecclesia.pt\/cv\/wp-json\/wp\/v2\/posts\/205\/revisions"}],"wp:attachment":[{"href":"https:\/\/sites.ecclesia.pt\/cv\/wp-json\/wp\/v2\/media?parent=205"}],"wp:term":[{"taxonomy":"category","embeddable":true,"href":"https:\/\/sites.ecclesia.pt\/cv\/wp-json\/wp\/v2\/categories?post=205"},{"taxonomy":"post_tag","embeddable":true,"href":"https:\/\/sites.ecclesia.pt\/cv\/wp-json\/wp\/v2\/tags?post=205"}],"curies":[{"name":"wp","href":"https:\/\/api.w.org\/{rel}","templated":true}]}}