{"id":206,"date":"2010-01-08T10:20:00","date_gmt":"2010-01-08T10:20:00","guid":{"rendered":"http:\/\/localhost:81\/wp1\/?p=206"},"modified":"2010-01-08T10:20:00","modified_gmt":"2010-01-08T10:20:00","slug":"bento-xvi-acompanha-situacao-da-sua-agressora","status":"publish","type":"post","link":"https:\/\/sites.ecclesia.pt\/cv\/bento-xvi-acompanha-situacao-da-sua-agressora\/","title":{"rendered":"Bento XVI acompanha situa\u00e7\u00e3o da sua agressora"},"content":{"rendered":"<p>Breve <!--more--> O secret\u00e1rio pessoal de Bento XVI, Mons. Georg Gaenswein, fez uma visita privada a Susanna Maiolo, a mulher que agrediu o Papa na v\u00e9spera do Natal, manifestando-lhe o \u201cinteresse do Santo Padre pela sua situa\u00e7\u00e3o\u201d. Na Missa do Galo, Bento XVI foi derrubado quando se dirigia para o altar. Maiolo, que aparentemente sofre de perturba\u00e7\u00f5es mentais, conseguiu passar pela seguran\u00e7a na Bas\u00edlica de S\u00e3o Pedro e chegou mesmo a agarrar as vestes do Papa, que caiu, mas n\u00e3o sofreu ferimentos e retomou o caminho.<\/p>\n","protected":false},"excerpt":{"rendered":"<p>Breve<\/p>\n","protected":false},"author":1,"featured_media":0,"comment_status":"open","ping_status":"open","sticky":false,"template":"","format":"standard","meta":{"footnotes":""},"categories":[55],"tags":[],"class_list":["post-206","post","type-post","status-publish","format-standard","hentry","category-igreja-no-mundo"],"_links":{"self":[{"href":"https:\/\/sites.ecclesia.pt\/cv\/wp-json\/wp\/v2\/posts\/206","targetHints":{"allow":["GET"]}}],"collection":[{"href":"https:\/\/sites.ecclesia.pt\/cv\/wp-json\/wp\/v2\/posts"}],"about":[{"href":"https:\/\/sites.ecclesia.pt\/cv\/wp-json\/wp\/v2\/types\/post"}],"author":[{"embeddable":true,"href":"https:\/\/sites.ecclesia.pt\/cv\/wp-json\/wp\/v2\/users\/1"}],"replies":[{"embeddable":true,"href":"https:\/\/sites.ecclesia.pt\/cv\/wp-json\/wp\/v2\/comments?post=206"}],"version-history":[{"count":0,"href":"https:\/\/sites.ecclesia.pt\/cv\/wp-json\/wp\/v2\/posts\/206\/revisions"}],"wp:attachment":[{"href":"https:\/\/sites.ecclesia.pt\/cv\/wp-json\/wp\/v2\/media?parent=206"}],"wp:term":[{"taxonomy":"category","embeddable":true,"href":"https:\/\/sites.ecclesia.pt\/cv\/wp-json\/wp\/v2\/categories?post=206"},{"taxonomy":"post_tag","embeddable":true,"href":"https:\/\/sites.ecclesia.pt\/cv\/wp-json\/wp\/v2\/tags?post=206"}],"curies":[{"name":"wp","href":"https:\/\/api.w.org\/{rel}","templated":true}]}}