{"id":20600,"date":"2012-09-06T10:35:00","date_gmt":"2012-09-06T10:35:00","guid":{"rendered":"http:\/\/localhost:81\/wp1\/?p=20600"},"modified":"2012-09-06T10:35:00","modified_gmt":"2012-09-06T10:35:00","slug":"tem-mais-de-50-anos-venha-dancar-o-lago-dos-cisnes","status":"publish","type":"post","link":"https:\/\/sites.ecclesia.pt\/cv\/tem-mais-de-50-anos-venha-dancar-o-lago-dos-cisnes\/","title":{"rendered":"Tem mais de 50 anos? Venha dan\u00e7ar o &#8220;Lago dos Cisnes&#8221;"},"content":{"rendered":"<p>O Lago dos Cisnes \u00e9 um projeto de dan\u00e7a que convoca pessoas com mais de 50 anos a participar num workshop de movimento, que resultar\u00e1 na apresenta\u00e7\u00e3o de um espet\u00e1culo no dia 22 de Setembro, no Centro Cultural de \u00cdlhavo.<\/p>\n<p> Ao longo de cinco dias de workshop os participantes s\u00e3o convidados a partilhar as suas mem\u00f3rias, hist\u00f3rias e experi\u00eancias de vida. O ponto de partida \u00e9 a m\u00fasica e narrativa do bailado Lago dos Cisnes que se cruzar\u00e1 com as viv\u00eancias de cada um.<\/p>\n<p>Esta ser\u00e1 uma experi\u00eancia, que re\u00fane profissionais e amadores, \u00fanica e irrepet\u00edvel para todas as pessoas com mais de 50 anos que tenham vontade de dan\u00e7ar.<\/p>\n<p>Workhop de movimento\/dan\u00e7a, no Centro Cultural de \u00cdlhavo, de 17 a 22 de setembro. Participa\u00e7\u00e3o gratuita. Inscri\u00e7\u00f5es at\u00e9 14 de setembro, no Centro Cultural de \u00cdlhavo (234 397 260; centrocultural.se@cm-ilhavo.pt). Espet\u00e1culo de dan\u00e7a, no dia 22, \u00e0s 21h30. Bilhetes a 3,5 euros.<\/p>\n","protected":false},"excerpt":{"rendered":"<p>O Lago dos Cisnes \u00e9 um projeto de dan\u00e7a que convoca pessoas com mais de 50 anos a participar num workshop de movimento, que resultar\u00e1 na apresenta\u00e7\u00e3o de um espet\u00e1culo no dia 22 de Setembro, no Centro Cultural de \u00cdlhavo. Ao longo de cinco dias de workshop os participantes s\u00e3o convidados a partilhar as suas [&hellip;]<\/p>\n","protected":false},"author":1,"featured_media":0,"comment_status":"open","ping_status":"open","sticky":false,"template":"","format":"standard","meta":{"footnotes":""},"categories":[67],"tags":[],"class_list":["post-20600","post","type-post","status-publish","format-standard","hentry","category-ver-ouvir-sair"],"_links":{"self":[{"href":"https:\/\/sites.ecclesia.pt\/cv\/wp-json\/wp\/v2\/posts\/20600","targetHints":{"allow":["GET"]}}],"collection":[{"href":"https:\/\/sites.ecclesia.pt\/cv\/wp-json\/wp\/v2\/posts"}],"about":[{"href":"https:\/\/sites.ecclesia.pt\/cv\/wp-json\/wp\/v2\/types\/post"}],"author":[{"embeddable":true,"href":"https:\/\/sites.ecclesia.pt\/cv\/wp-json\/wp\/v2\/users\/1"}],"replies":[{"embeddable":true,"href":"https:\/\/sites.ecclesia.pt\/cv\/wp-json\/wp\/v2\/comments?post=20600"}],"version-history":[{"count":0,"href":"https:\/\/sites.ecclesia.pt\/cv\/wp-json\/wp\/v2\/posts\/20600\/revisions"}],"wp:attachment":[{"href":"https:\/\/sites.ecclesia.pt\/cv\/wp-json\/wp\/v2\/media?parent=20600"}],"wp:term":[{"taxonomy":"category","embeddable":true,"href":"https:\/\/sites.ecclesia.pt\/cv\/wp-json\/wp\/v2\/categories?post=20600"},{"taxonomy":"post_tag","embeddable":true,"href":"https:\/\/sites.ecclesia.pt\/cv\/wp-json\/wp\/v2\/tags?post=20600"}],"curies":[{"name":"wp","href":"https:\/\/api.w.org\/{rel}","templated":true}]}}