{"id":20601,"date":"2012-09-06T10:37:00","date_gmt":"2012-09-06T10:37:00","guid":{"rendered":"http:\/\/localhost:81\/wp1\/?p=20601"},"modified":"2012-09-06T10:37:00","modified_gmt":"2012-09-06T10:37:00","slug":"teatro-ta-mar-nos-75-anos-do-mmi","status":"publish","type":"post","link":"https:\/\/sites.ecclesia.pt\/cv\/teatro-ta-mar-nos-75-anos-do-mmi\/","title":{"rendered":"Teatro &#8220;Ta Mar&#8221; nos 75 anos do MMI"},"content":{"rendered":"<p>O Centro Cultural de \u00cdlhavo (CCI) ir\u00e1 acolher, nos dias 22 e 23 de setembro, um workshop de teatro orientado pelo encenador ingl\u00eas Graeme Pulleyn, que servir\u00e1 de base \u00e0 cria\u00e7\u00e3o de um espet\u00e1culo de teatro que reinterpretar\u00e1, de uma forma contempor\u00e2nea, o texto de Alfredo Cortez intitulado \u201cT\u00e1 Mar\u201d.<\/p>\n<p>O workshop, que se realiza no \u00e2mbito dos 75 anos do Museu Mar\u00edtimo de \u00cdlhavo (MMI), ir\u00e1 permitir aos participantes desenvolverem um \u201ctrabalho rigoroso e desafiante com recurso a jogos teatrais, improvisa\u00e7\u00f5es, entrevistas, escrita criativa, explora\u00e7\u00e3o e encena\u00e7\u00e3o\u201d, bem como possibilitar a sele\u00e7\u00e3o das pessoas que ir\u00e3o integrar o elenco do \u201cT\u00e1 Mar 2012\u201d.<\/p>\n<p>O evento est\u00e1 aberto a toda a gente, com ou sem experi\u00eancia teatral, com idades compreendidas entre os 9 e os 99 anos. As inscri\u00e7\u00f5es podem ser efetuadas no CCI ou no MMI, at\u00e9 ao dia 14 de setembro.<\/p>\n<p>Graeme Pulleyn nasceu em Inglaterra, em 1967, e veio para Portugal em 1990. Co-fundou o Teatro Regional da Serra do Montemuro (TRSM), em Castro Daire. <\/p>\n","protected":false},"excerpt":{"rendered":"<p>O Centro Cultural de \u00cdlhavo (CCI) ir\u00e1 acolher, nos dias 22 e 23 de setembro, um workshop de teatro orientado pelo encenador ingl\u00eas Graeme Pulleyn, que servir\u00e1 de base \u00e0 cria\u00e7\u00e3o de um espet\u00e1culo de teatro que reinterpretar\u00e1, de uma forma contempor\u00e2nea, o texto de Alfredo Cortez intitulado \u201cT\u00e1 Mar\u201d. O workshop, que se realiza [&hellip;]<\/p>\n","protected":false},"author":1,"featured_media":0,"comment_status":"open","ping_status":"open","sticky":false,"template":"","format":"standard","meta":{"footnotes":""},"categories":[67],"tags":[],"class_list":["post-20601","post","type-post","status-publish","format-standard","hentry","category-ver-ouvir-sair"],"_links":{"self":[{"href":"https:\/\/sites.ecclesia.pt\/cv\/wp-json\/wp\/v2\/posts\/20601","targetHints":{"allow":["GET"]}}],"collection":[{"href":"https:\/\/sites.ecclesia.pt\/cv\/wp-json\/wp\/v2\/posts"}],"about":[{"href":"https:\/\/sites.ecclesia.pt\/cv\/wp-json\/wp\/v2\/types\/post"}],"author":[{"embeddable":true,"href":"https:\/\/sites.ecclesia.pt\/cv\/wp-json\/wp\/v2\/users\/1"}],"replies":[{"embeddable":true,"href":"https:\/\/sites.ecclesia.pt\/cv\/wp-json\/wp\/v2\/comments?post=20601"}],"version-history":[{"count":0,"href":"https:\/\/sites.ecclesia.pt\/cv\/wp-json\/wp\/v2\/posts\/20601\/revisions"}],"wp:attachment":[{"href":"https:\/\/sites.ecclesia.pt\/cv\/wp-json\/wp\/v2\/media?parent=20601"}],"wp:term":[{"taxonomy":"category","embeddable":true,"href":"https:\/\/sites.ecclesia.pt\/cv\/wp-json\/wp\/v2\/categories?post=20601"},{"taxonomy":"post_tag","embeddable":true,"href":"https:\/\/sites.ecclesia.pt\/cv\/wp-json\/wp\/v2\/tags?post=20601"}],"curies":[{"name":"wp","href":"https:\/\/api.w.org\/{rel}","templated":true}]}}