{"id":20602,"date":"2012-09-06T10:38:00","date_gmt":"2012-09-06T10:38:00","guid":{"rendered":"http:\/\/localhost:81\/wp1\/?p=20602"},"modified":"2012-09-06T10:38:00","modified_gmt":"2012-09-06T10:38:00","slug":"jazz-e-outros-estilos-em-albergaria","status":"publish","type":"post","link":"https:\/\/sites.ecclesia.pt\/cv\/jazz-e-outros-estilos-em-albergaria\/","title":{"rendered":"Jazz e outros estilos em Albergaria"},"content":{"rendered":"<p>O albergariense Miguel Rodrigues e Teresa Costa fazem uma incurs\u00e3o pelos v\u00e1rios g\u00e9neros do jazz e incluem temas de blues, bossa nova, samba, funk music, sem esquecer m\u00fasicas intemporais em l\u00edngua portuguesa. <\/p>\n<p>\u201cJazz &#038; Scat\u201d \u2013 My favourite Standards, concerto de Miguel Rodrigues (piano e voz) e Teresa Costa (voz), no Cineteatro Alba, em Albergaria-a-Velha, no dia 22 de setembro, \u00e0s 22h.<\/p>\n","protected":false},"excerpt":{"rendered":"<p>O albergariense Miguel Rodrigues e Teresa Costa fazem uma incurs\u00e3o pelos v\u00e1rios g\u00e9neros do jazz e incluem temas de blues, bossa nova, samba, funk music, sem esquecer m\u00fasicas intemporais em l\u00edngua portuguesa. \u201cJazz &#038; Scat\u201d \u2013 My favourite Standards, concerto de Miguel Rodrigues (piano e voz) e Teresa Costa (voz), no Cineteatro Alba, em Albergaria-a-Velha, [&hellip;]<\/p>\n","protected":false},"author":1,"featured_media":0,"comment_status":"open","ping_status":"open","sticky":false,"template":"","format":"standard","meta":{"footnotes":""},"categories":[67],"tags":[],"class_list":["post-20602","post","type-post","status-publish","format-standard","hentry","category-ver-ouvir-sair"],"_links":{"self":[{"href":"https:\/\/sites.ecclesia.pt\/cv\/wp-json\/wp\/v2\/posts\/20602","targetHints":{"allow":["GET"]}}],"collection":[{"href":"https:\/\/sites.ecclesia.pt\/cv\/wp-json\/wp\/v2\/posts"}],"about":[{"href":"https:\/\/sites.ecclesia.pt\/cv\/wp-json\/wp\/v2\/types\/post"}],"author":[{"embeddable":true,"href":"https:\/\/sites.ecclesia.pt\/cv\/wp-json\/wp\/v2\/users\/1"}],"replies":[{"embeddable":true,"href":"https:\/\/sites.ecclesia.pt\/cv\/wp-json\/wp\/v2\/comments?post=20602"}],"version-history":[{"count":0,"href":"https:\/\/sites.ecclesia.pt\/cv\/wp-json\/wp\/v2\/posts\/20602\/revisions"}],"wp:attachment":[{"href":"https:\/\/sites.ecclesia.pt\/cv\/wp-json\/wp\/v2\/media?parent=20602"}],"wp:term":[{"taxonomy":"category","embeddable":true,"href":"https:\/\/sites.ecclesia.pt\/cv\/wp-json\/wp\/v2\/categories?post=20602"},{"taxonomy":"post_tag","embeddable":true,"href":"https:\/\/sites.ecclesia.pt\/cv\/wp-json\/wp\/v2\/tags?post=20602"}],"curies":[{"name":"wp","href":"https:\/\/api.w.org\/{rel}","templated":true}]}}