{"id":20603,"date":"2012-09-06T10:40:00","date_gmt":"2012-09-06T10:40:00","guid":{"rendered":"http:\/\/localhost:81\/wp1\/?p=20603"},"modified":"2012-09-06T10:40:00","modified_gmt":"2012-09-06T10:40:00","slug":"05-de-setembro-na-historia-de-aveiro","status":"publish","type":"post","link":"https:\/\/sites.ecclesia.pt\/cv\/05-de-setembro-na-historia-de-aveiro\/","title":{"rendered":"05 de setembro na hist\u00f3ria de Aveiro"},"content":{"rendered":"<p>1598 \u2014 Foi passado um alvar\u00e1 aos oficiais da C\u00e2mara da vila de Aveiro para poderem dar 8.000 r\u00e9is ao m\u00e9dico Mateus da Fonseca, enquanto vivesse na vila, al\u00e9m de 12.000 r\u00e9is que davam a Sim\u00e3o Lu\u00eds, j\u00e1 falecido, \u00abpara curar os pobres e religiosos de Santo Ant\u00f3nio e visitar os hospitais da dita vila\u00bb.<\/p>\n<p>1719 \u2014 O Padre Manuel Coelho de Oliveira teve carta de apresenta\u00e7\u00e3o da vigararia da igreja da Vera-Cruz, da vila de Aveiro.<\/p>\n<p>1722 \u2014 Realizou-se em Coimbra um contrato de arrendamento da prebenda da casa ducal de Aveiro, em que outorgaram Ant\u00f3nio Ferreira Barbosa, familiar do Santo Of\u00edcio e prebendeiro daquela casa, e Jo\u00e3o Nunes, natural de Vale de \u00cdlhavo.<\/p>\n<p>1897 \u2014 Come\u00e7ou nesta data, terminando no n\u00famero 5, a publica\u00e7\u00e3o de \u201cO Caloiro\u201d, da iniciativa dos estudantes.<\/p>\n<p>1909 \u2014 Nasceu na freguesia da Vera-Cruz o ilustre aveirense Eduardo Ala Cerqueira, que dedicaria grande parte da sua vida ao estudo e \u00e0 divulga\u00e7\u00e3o da hist\u00f3ria local.<\/p>\n<p>1971 \u2014 Realizou-se o I Encontro de Antigos Alunos da Escola Industrial e Comercial Fernando Caldeira, de Aveiro, abrangendo todos os alunos que frequentaram este estabelecimento de ensino at\u00e9 1946. Esta, correspondente \u00e0 atual Secund\u00e1ria M\u00e1rio Sacramento, teve durante algum tempo como patrono o \u00abmimoso poeta aguedense e antigo governador civil de Aveiro\u00bb. A Escola Fernando Caldeira foi sequ\u00eancia da Escola de Desenho Industrial, criada oficialmente em 1893, por portaria de Bernardino Machado, ao tempo Ministro das Obras P\u00fablicas.<\/p>\n<p>1983 \u2014 Faleceu Eduardo Ala Cerqueira, que escreveu in\u00fameros e valios\u00edssimos artigos, publicados em jornais e revistas, sobre as institui\u00e7\u00f5es, os monumentos, os vultos e as tradi\u00e7\u00f5es locais. Aveirense por nascimento e aveir\u00f3grafo por devo\u00e7\u00e3o, afirmou-se sempre como cultor dos valores do \u00abaveirismo\u00bb. Imagem: http:\/\/www.prof2000.pt\/users\/hjco\/aderav\/pg011020.htm.<\/p>\n<p>Fonte: \u201cCalend\u00e1rio Hist\u00f3rico de Aveiro\u201d,  de Ant\u00f3nio Christo e Jo\u00e3o Gon\u00e7alves Gaspar.<\/p>\n","protected":false},"excerpt":{"rendered":"<p>1598 \u2014 Foi passado um alvar\u00e1 aos oficiais da C\u00e2mara da vila de Aveiro para poderem dar 8.000 r\u00e9is ao m\u00e9dico Mateus da Fonseca, enquanto vivesse na vila, al\u00e9m de 12.000 r\u00e9is que davam a Sim\u00e3o Lu\u00eds, j\u00e1 falecido, \u00abpara curar os pobres e religiosos de Santo Ant\u00f3nio e visitar os hospitais da dita vila\u00bb. [&hellip;]<\/p>\n","protected":false},"author":1,"featured_media":0,"comment_status":"open","ping_status":"open","sticky":false,"template":"","format":"standard","meta":{"footnotes":""},"categories":[56],"tags":[],"class_list":["post-20603","post","type-post","status-publish","format-standard","hentry","category-almanaque"],"_links":{"self":[{"href":"https:\/\/sites.ecclesia.pt\/cv\/wp-json\/wp\/v2\/posts\/20603","targetHints":{"allow":["GET"]}}],"collection":[{"href":"https:\/\/sites.ecclesia.pt\/cv\/wp-json\/wp\/v2\/posts"}],"about":[{"href":"https:\/\/sites.ecclesia.pt\/cv\/wp-json\/wp\/v2\/types\/post"}],"author":[{"embeddable":true,"href":"https:\/\/sites.ecclesia.pt\/cv\/wp-json\/wp\/v2\/users\/1"}],"replies":[{"embeddable":true,"href":"https:\/\/sites.ecclesia.pt\/cv\/wp-json\/wp\/v2\/comments?post=20603"}],"version-history":[{"count":0,"href":"https:\/\/sites.ecclesia.pt\/cv\/wp-json\/wp\/v2\/posts\/20603\/revisions"}],"wp:attachment":[{"href":"https:\/\/sites.ecclesia.pt\/cv\/wp-json\/wp\/v2\/media?parent=20603"}],"wp:term":[{"taxonomy":"category","embeddable":true,"href":"https:\/\/sites.ecclesia.pt\/cv\/wp-json\/wp\/v2\/categories?post=20603"},{"taxonomy":"post_tag","embeddable":true,"href":"https:\/\/sites.ecclesia.pt\/cv\/wp-json\/wp\/v2\/tags?post=20603"}],"curies":[{"name":"wp","href":"https:\/\/api.w.org\/{rel}","templated":true}]}}