{"id":20605,"date":"2012-09-06T10:41:00","date_gmt":"2012-09-06T10:41:00","guid":{"rendered":"http:\/\/localhost:81\/wp1\/?p=20605"},"modified":"2012-09-06T10:41:00","modified_gmt":"2012-09-06T10:41:00","slug":"eles-disseram-sobre-a-adversidade","status":"publish","type":"post","link":"https:\/\/sites.ecclesia.pt\/cv\/eles-disseram-sobre-a-adversidade\/","title":{"rendered":"Eles disseram&#8230; sobre a adversidade"},"content":{"rendered":"<p>H\u00e1 dois poderosos destruidores: o tempo e a adversidade.<\/p>\n<p>Alfred de Musset <\/p>\n<p>A adversidade restitui aos homens todas as virtudes que a prosperidade lhes tira.<\/p>\n<p>Eug\u00e8ne Delacroix <\/p>\n<p>Na adversidade o homem encontra a sua salva\u00e7\u00e3o na esperan\u00e7a.<\/p>\n<p>Menandro <\/p>\n<p>O fogo \u00e9 a prova do ouro; a adversidade, dos homens fortes.<\/p>\n<p>S\u00e9neca<\/p>\n<p>A adversidade p\u00f5e \u00e0 prova os esp\u00edritos.<\/p>\n<p>Shakespeare <\/p>\n<p>A adversidade \u00e9 um trampolim para a maturidade.<\/p>\n<p>Charles Colton <\/p>\n<p>A adversidade desperta em n\u00f3s capacidades que, em circunst\u00e2ncias favor\u00e1veis, teriam ficado adormecidas.<\/p>\n<p>Hor\u00e1cio<\/p>\n<p>A Adversidade \u00e9 o primeiro caminho para a Verdade.<\/p>\n<p>Lord Byron <\/p>\n<p>Para que toda a energia da alma se desfira, os rigores da adversidade s\u00e3o-lhe de proveito.<\/p>\n<p>Chateaubriand<\/p>\n<p>Os golpes da adversidade s\u00e3o terrivelmente amargos, mas nunca est\u00e9reis.<\/p>\n<p>Ernst Renan <\/p>\n<p>A adversidade \u00e9 nossa m\u00e3e; a prosperidade \u00e9 apenas uma madrasta.<\/p>\n<p>Montesquieu<\/p>\n","protected":false},"excerpt":{"rendered":"<p>H\u00e1 dois poderosos destruidores: o tempo e a adversidade. Alfred de Musset A adversidade restitui aos homens todas as virtudes que a prosperidade lhes tira. Eug\u00e8ne Delacroix Na adversidade o homem encontra a sua salva\u00e7\u00e3o na esperan\u00e7a. Menandro O fogo \u00e9 a prova do ouro; a adversidade, dos homens fortes. S\u00e9neca A adversidade p\u00f5e \u00e0 [&hellip;]<\/p>\n","protected":false},"author":1,"featured_media":0,"comment_status":"open","ping_status":"open","sticky":false,"template":"","format":"standard","meta":{"footnotes":""},"categories":[56],"tags":[],"class_list":["post-20605","post","type-post","status-publish","format-standard","hentry","category-almanaque"],"_links":{"self":[{"href":"https:\/\/sites.ecclesia.pt\/cv\/wp-json\/wp\/v2\/posts\/20605","targetHints":{"allow":["GET"]}}],"collection":[{"href":"https:\/\/sites.ecclesia.pt\/cv\/wp-json\/wp\/v2\/posts"}],"about":[{"href":"https:\/\/sites.ecclesia.pt\/cv\/wp-json\/wp\/v2\/types\/post"}],"author":[{"embeddable":true,"href":"https:\/\/sites.ecclesia.pt\/cv\/wp-json\/wp\/v2\/users\/1"}],"replies":[{"embeddable":true,"href":"https:\/\/sites.ecclesia.pt\/cv\/wp-json\/wp\/v2\/comments?post=20605"}],"version-history":[{"count":0,"href":"https:\/\/sites.ecclesia.pt\/cv\/wp-json\/wp\/v2\/posts\/20605\/revisions"}],"wp:attachment":[{"href":"https:\/\/sites.ecclesia.pt\/cv\/wp-json\/wp\/v2\/media?parent=20605"}],"wp:term":[{"taxonomy":"category","embeddable":true,"href":"https:\/\/sites.ecclesia.pt\/cv\/wp-json\/wp\/v2\/categories?post=20605"},{"taxonomy":"post_tag","embeddable":true,"href":"https:\/\/sites.ecclesia.pt\/cv\/wp-json\/wp\/v2\/tags?post=20605"}],"curies":[{"name":"wp","href":"https:\/\/api.w.org\/{rel}","templated":true}]}}