{"id":20606,"date":"2012-09-06T10:42:00","date_gmt":"2012-09-06T10:42:00","guid":{"rendered":"http:\/\/localhost:81\/wp1\/?p=20606"},"modified":"2012-09-06T10:42:00","modified_gmt":"2012-09-06T10:42:00","slug":"a-dura-viela-da-morte","status":"publish","type":"post","link":"https:\/\/sites.ecclesia.pt\/cv\/a-dura-viela-da-morte\/","title":{"rendered":"A &#8220;dura viela&#8221; da morte"},"content":{"rendered":"<p>Texto <!--more--> Mais que uma vez lamentei com o Senhor pelo facto de que, morrendo, n\u00e3o tirou de n\u00f3s a necessidade de morrer. Seria t\u00e3o bonito poder dizer: Jesus tamb\u00e9m enfrentou a morte no nosso lugar, e, mortos, poderemos ir para o Para\u00edso por um caminho florido. <\/p>\n<p>Pelo contr\u00e1rio, Deus quis que pass\u00e1ssemos por esta \u201cdura viela\u201d que \u00e9 a morte e que entr\u00e1ssemos na escurid\u00e3o que d\u00e1 sempre um pouco de medo. Pacifiquei-me novamente com o pensamento de ter que morrer quando compreendi que, sem a morte, nunca chegar\u00edamos a fazer um ato de plena confian\u00e7a em Deus. De facto, em cada escolha comprometedora, n\u00f3s temos sempre \u201csa\u00eddas de seguran\u00e7a\u201d. Ao inv\u00e9s, a morte obriga-nos a confiar totalmente em Deus.<\/p>\n<p>O que nos espera depois da morte \u00e9 um mist\u00e9rio que requer da nossa parte uma confian\u00e7a total. Desejamos estar com Jesus, e expressamos esse desejo de olhos fechados, \u00e0s cegas, colocando-nos totalmente nas suas m\u00e3os.<\/p>\n<p>Desejamos tamb\u00e9m n\u00f3s gozar daquela paz interior que vence toda ansiedade e se confia a Deus com todo o cora\u00e7\u00e3o.<\/p>\n<p>Carlo Maria Martini<\/p>\n<p>(15 de fevereiro de 1927 &#8211; 31 de agosto de 2012; ver p\u00e1gina 07)<\/p>\n","protected":false},"excerpt":{"rendered":"<p>Texto<\/p>\n","protected":false},"author":1,"featured_media":0,"comment_status":"open","ping_status":"open","sticky":false,"template":"","format":"standard","meta":{"footnotes":""},"categories":[52],"tags":[],"class_list":["post-20606","post","type-post","status-publish","format-standard","hentry","category-espiritualidade"],"_links":{"self":[{"href":"https:\/\/sites.ecclesia.pt\/cv\/wp-json\/wp\/v2\/posts\/20606","targetHints":{"allow":["GET"]}}],"collection":[{"href":"https:\/\/sites.ecclesia.pt\/cv\/wp-json\/wp\/v2\/posts"}],"about":[{"href":"https:\/\/sites.ecclesia.pt\/cv\/wp-json\/wp\/v2\/types\/post"}],"author":[{"embeddable":true,"href":"https:\/\/sites.ecclesia.pt\/cv\/wp-json\/wp\/v2\/users\/1"}],"replies":[{"embeddable":true,"href":"https:\/\/sites.ecclesia.pt\/cv\/wp-json\/wp\/v2\/comments?post=20606"}],"version-history":[{"count":0,"href":"https:\/\/sites.ecclesia.pt\/cv\/wp-json\/wp\/v2\/posts\/20606\/revisions"}],"wp:attachment":[{"href":"https:\/\/sites.ecclesia.pt\/cv\/wp-json\/wp\/v2\/media?parent=20606"}],"wp:term":[{"taxonomy":"category","embeddable":true,"href":"https:\/\/sites.ecclesia.pt\/cv\/wp-json\/wp\/v2\/categories?post=20606"},{"taxonomy":"post_tag","embeddable":true,"href":"https:\/\/sites.ecclesia.pt\/cv\/wp-json\/wp\/v2\/tags?post=20606"}],"curies":[{"name":"wp","href":"https:\/\/api.w.org\/{rel}","templated":true}]}}