{"id":20607,"date":"2012-09-06T10:44:00","date_gmt":"2012-09-06T10:44:00","guid":{"rendered":"http:\/\/localhost:81\/wp1\/?p=20607"},"modified":"2012-09-06T10:44:00","modified_gmt":"2012-09-06T10:44:00","slug":"domingo-xxiii-tempo-comum-ano-b","status":"publish","type":"post","link":"https:\/\/sites.ecclesia.pt\/cv\/domingo-xxiii-tempo-comum-ano-b\/","title":{"rendered":"Domingo XXIII &#8211; Tempo Comum (Ano B)"},"content":{"rendered":"<p>Leituras Dominicias <!--more--> 1.\u00aa LEITURA Is 35, 4-7a<\/p>\n<p>\u00abEnt\u00e3o se desimpedir\u00e3o os ouvidos dos surdos<\/p>\n<p>e a l\u00edngua do mudo cantar\u00e1 de alegria\u00bb<\/p>\n<p>Dizei aos cora\u00e7\u00f5es perturbados: \u00abTende coragem, n\u00e3o temais. A\u00ed est\u00e1 o vosso Deus; vem para fazer justi\u00e7a e dar a recompensa; Ele pr\u00f3prio vem salvar-nos\u00bb. Ent\u00e3o se abrir\u00e3o os olhos dos cegos e se desimpedir\u00e3o os ouvidos dos surdos. Ent\u00e3o o coxo saltar\u00e1 como um veado e a l\u00edngua do mudo cantar\u00e1 de alegria. As \u00e1guas brotar\u00e3o no deserto e as torrentes na aridez da plan\u00edcie; a terra seca transformar-se-\u00e1 em lago e a terra \u00e1rida em nascentes de \u00e1gua.<\/p>\n<p>2.\u00aa LEITURA Tg 2, 1-5<\/p>\n<p>\u00abN\u00e3o escolheu Deus os pobres<\/p>\n<p>para serem herdeiros do reino?\u00bb<\/p>\n<p>Irm\u00e3os: A f\u00e9 em Nosso Senhor Jesus Cristo n\u00e3o deve admitir acep\u00e7\u00e3o de pessoas. Pode acontecer que na vossa assembleia entre um homem bem vestido e com an\u00e9is de ouro e entre tamb\u00e9m um pobre e mal vestido; talvez olheis para o homem bem vestido e lhe digais: \u00abTu, senta-te aqui em bom lugar\u00bb, e ao pobre: \u00abTu, fica a\u00ed de p\u00e9\u00bb, ou ent\u00e3o: \u00abSenta-te a\u00ed, abaixo do estrado dos meus p\u00e9s\u00bb. N\u00e3o estareis a estabelecer distin\u00e7\u00f5es entre v\u00f3s e a tornar-vos ju\u00edzes com maus crit\u00e9rios? Escutai, meus car\u00edssimos irm\u00e3os: N\u00e3o escolheu Deus os pobres deste mundo para serem ricos na f\u00e9 e herdeiros do reino que Ele prometeu \u00e0queles que O amam?<\/p>\n<p>EVANGELHO Mc 7, 31-37<\/p>\n<p>\u00abFaz que os surdos oi\u00e7am <\/p>\n<p>e que os mudos falem\u00bb<\/p>\n<p>Naquele tempo, Jesus deixou de novo a regi\u00e3o de Tiro e, passando por Sid\u00f3nia, veio para o mar da Galileia, atravessando o territ\u00f3rio da Dec\u00e1pole. Trouxeram-Lhe ent\u00e3o um surdo que mal podia falar e suplicaram-Lhe que impusesse as m\u00e3os sobre ele. Jesus, afastando-Se com ele da multid\u00e3o, meteu-lhe os dedos nos ouvidos e com saliva tocou-lhe a l\u00edngua. Depois, erguendo os olhos ao C\u00e9u, suspirou e disse-lhe: \u00abEfat\u00e1\u00bb, que quer dizer \u00abAbre-te\u00bb. Imediatamente se abriram os ouvidos do homem, soltou-se-lhe a pris\u00e3o da l\u00edngua e come\u00e7ou a falar correctamente. Jesus recomendou que n\u00e3o contassem nada a ningu\u00e9m. Mas, quanto mais lho recomendava, tanto mais intensamente eles o apregoavam. Cheios de assombro, diziam: \u00abTudo o que faz \u00e9 admir\u00e1vel: faz que os surdos oi\u00e7am e que os mudos falem\u00bb.<\/p>\n","protected":false},"excerpt":{"rendered":"<p>Leituras Dominicias<\/p>\n","protected":false},"author":1,"featured_media":0,"comment_status":"open","ping_status":"open","sticky":false,"template":"","format":"standard","meta":{"footnotes":""},"categories":[52],"tags":[],"class_list":["post-20607","post","type-post","status-publish","format-standard","hentry","category-espiritualidade"],"_links":{"self":[{"href":"https:\/\/sites.ecclesia.pt\/cv\/wp-json\/wp\/v2\/posts\/20607","targetHints":{"allow":["GET"]}}],"collection":[{"href":"https:\/\/sites.ecclesia.pt\/cv\/wp-json\/wp\/v2\/posts"}],"about":[{"href":"https:\/\/sites.ecclesia.pt\/cv\/wp-json\/wp\/v2\/types\/post"}],"author":[{"embeddable":true,"href":"https:\/\/sites.ecclesia.pt\/cv\/wp-json\/wp\/v2\/users\/1"}],"replies":[{"embeddable":true,"href":"https:\/\/sites.ecclesia.pt\/cv\/wp-json\/wp\/v2\/comments?post=20607"}],"version-history":[{"count":0,"href":"https:\/\/sites.ecclesia.pt\/cv\/wp-json\/wp\/v2\/posts\/20607\/revisions"}],"wp:attachment":[{"href":"https:\/\/sites.ecclesia.pt\/cv\/wp-json\/wp\/v2\/media?parent=20607"}],"wp:term":[{"taxonomy":"category","embeddable":true,"href":"https:\/\/sites.ecclesia.pt\/cv\/wp-json\/wp\/v2\/categories?post=20607"},{"taxonomy":"post_tag","embeddable":true,"href":"https:\/\/sites.ecclesia.pt\/cv\/wp-json\/wp\/v2\/tags?post=20607"}],"curies":[{"name":"wp","href":"https:\/\/api.w.org\/{rel}","templated":true}]}}