{"id":20609,"date":"2012-09-06T10:47:00","date_gmt":"2012-09-06T10:47:00","guid":{"rendered":"http:\/\/localhost:81\/wp1\/?p=20609"},"modified":"2012-09-06T10:47:00","modified_gmt":"2012-09-06T10:47:00","slug":"na-imprensa-133","status":"publish","type":"post","link":"https:\/\/sites.ecclesia.pt\/cv\/na-imprensa-133\/","title":{"rendered":"Na Imprensa"},"content":{"rendered":"<p>N\u00edveis de desigualdade como os que temos e como os que vamos ter corroem a comunidade. Potenciam a percep\u00e7\u00e3o de existirem cidad\u00e3os de primeira e segunda classe, impossibilitam a concerta\u00e7\u00e3o social, p\u00f5em em causa aquilo que \u00e9 a verdadeira argamassa social: a confian\u00e7a entre os cidad\u00e3os.<\/p>\n<p>Pedro Marques Lopes<\/p>\n<p>Di\u00e1rio de Not\u00edcias, 02-09-2012<\/p>\n<p>Todos temos de saber viver com aquilo que somos capazes de produzir em cada momento. O que importa (bem sei que soa a frase feita) \u00e9 mudar de mentalidades. A vida f\u00e1cil h\u00e1 muito que acabou.<\/p>\n<p>Paulo Baldaia<\/p>\n<p>Di\u00e1rio de Not\u00edcias, 02-09-2012<\/p>\n<p>As \u00fanicas coisas que se repetem na hist\u00f3ria s\u00e3o os erros humanos. \u00c9 tempo de acordar e de fazer o que \u00e9 preciso: investir, inovar, investigar, informar, educar. Criar um esp\u00edrito de Resist\u00eancia.<\/p>\n<p>Jo\u00e3o Cara\u00e7a<\/p>\n<p>P\u00fablico, 02-09-2012<\/p>\n<p>Nos \u00faltimos dez anos, de 2003 a 2012, a RTP custou aos portugueses, via taxa ou via impostos, 3,77 mil milh\u00f5es de euros. Quase dois anos de subs\u00eddios de f\u00e9rias e Natal da fun\u00e7\u00e3o p\u00fablica e dos pensionistas.<\/p>\n<p>Jos\u00e9 Manuel Fernandes<\/p>\n<p>P\u00fablico, 31-08-2012<\/p>\n<p>O verdadeiro problema, hoje como sempre, \u00e9 solidariedade. Os devedores precisam de ajuda porque abusaram dos apoios solid\u00e1rios, e os credores s\u00f3 ser\u00e3o solid\u00e1rios com garantias que esse comportamento comprometeu. Mas n\u00e3o existe alternativa \u00e0 solidariedade porque, como todos est\u00e3o no mesmo barco, a queda de um arrastar\u00e1 tudo. Por isso a Alemanha tem raz\u00e3o em exigir austeridade e a Gr\u00e9cia em repudi\u00e1-la. Tamb\u00e9m aqui, como antes, todos os que falam t\u00eam toda a raz\u00e3o no que dizem e por isso ningu\u00e9m se entende.<\/p>\n<p>Jo\u00e3o C\u00e9sar das Neves<\/p>\n<p>Di\u00e1rio de Not\u00edcias, 27-08-2012<\/p>\n<p>Pode acontecer que dentro de pouco tempo haja gente que chegue aos 54 anos sem nunca ter trabalhado.<\/p>\n<p>Miguel Beleza<\/p>\n<p>i, 01-09-2012<\/p>\n","protected":false},"excerpt":{"rendered":"<p>N\u00edveis de desigualdade como os que temos e como os que vamos ter corroem a comunidade. Potenciam a percep\u00e7\u00e3o de existirem cidad\u00e3os de primeira e segunda classe, impossibilitam a concerta\u00e7\u00e3o social, p\u00f5em em causa aquilo que \u00e9 a verdadeira argamassa social: a confian\u00e7a entre os cidad\u00e3os. Pedro Marques Lopes Di\u00e1rio de Not\u00edcias, 02-09-2012 Todos temos [&hellip;]<\/p>\n","protected":false},"author":1,"featured_media":0,"comment_status":"open","ping_status":"open","sticky":false,"template":"","format":"standard","meta":{"footnotes":""},"categories":[62],"tags":[],"class_list":["post-20609","post","type-post","status-publish","format-standard","hentry","category-opiniao"],"_links":{"self":[{"href":"https:\/\/sites.ecclesia.pt\/cv\/wp-json\/wp\/v2\/posts\/20609","targetHints":{"allow":["GET"]}}],"collection":[{"href":"https:\/\/sites.ecclesia.pt\/cv\/wp-json\/wp\/v2\/posts"}],"about":[{"href":"https:\/\/sites.ecclesia.pt\/cv\/wp-json\/wp\/v2\/types\/post"}],"author":[{"embeddable":true,"href":"https:\/\/sites.ecclesia.pt\/cv\/wp-json\/wp\/v2\/users\/1"}],"replies":[{"embeddable":true,"href":"https:\/\/sites.ecclesia.pt\/cv\/wp-json\/wp\/v2\/comments?post=20609"}],"version-history":[{"count":0,"href":"https:\/\/sites.ecclesia.pt\/cv\/wp-json\/wp\/v2\/posts\/20609\/revisions"}],"wp:attachment":[{"href":"https:\/\/sites.ecclesia.pt\/cv\/wp-json\/wp\/v2\/media?parent=20609"}],"wp:term":[{"taxonomy":"category","embeddable":true,"href":"https:\/\/sites.ecclesia.pt\/cv\/wp-json\/wp\/v2\/categories?post=20609"},{"taxonomy":"post_tag","embeddable":true,"href":"https:\/\/sites.ecclesia.pt\/cv\/wp-json\/wp\/v2\/tags?post=20609"}],"curies":[{"name":"wp","href":"https:\/\/api.w.org\/{rel}","templated":true}]}}