{"id":20630,"date":"2012-09-06T10:38:00","date_gmt":"2012-09-06T10:38:00","guid":{"rendered":"http:\/\/localhost:81\/wp1\/?p=20630"},"modified":"2012-09-06T10:38:00","modified_gmt":"2012-09-06T10:38:00","slug":"aula-aberta-encerra-estagio-de-danca","status":"publish","type":"post","link":"https:\/\/sites.ecclesia.pt\/cv\/aula-aberta-encerra-estagio-de-danca\/","title":{"rendered":"Aula aberta encerra est\u00e1gio de dan\u00e7a"},"content":{"rendered":"<p>O XVIII Est\u00e1gio de Dan\u00e7a de Aveiro encerra no dia 7 de setembro com uma aula aberta que mostra o trabalho desenvolvido ao longo de dezenas de sess\u00f5es desde o dia 28 de agosto. A aula acontece pelas 18h, no Teatro Aveirense. A entrada custa 2 euros. <\/p>\n","protected":false},"excerpt":{"rendered":"<p>O XVIII Est\u00e1gio de Dan\u00e7a de Aveiro encerra no dia 7 de setembro com uma aula aberta que mostra o trabalho desenvolvido ao longo de dezenas de sess\u00f5es desde o dia 28 de agosto. A aula acontece pelas 18h, no Teatro Aveirense. A entrada custa 2 euros.<\/p>\n","protected":false},"author":1,"featured_media":0,"comment_status":"open","ping_status":"open","sticky":false,"template":"","format":"standard","meta":{"footnotes":""},"categories":[67],"tags":[],"class_list":["post-20630","post","type-post","status-publish","format-standard","hentry","category-ver-ouvir-sair"],"_links":{"self":[{"href":"https:\/\/sites.ecclesia.pt\/cv\/wp-json\/wp\/v2\/posts\/20630","targetHints":{"allow":["GET"]}}],"collection":[{"href":"https:\/\/sites.ecclesia.pt\/cv\/wp-json\/wp\/v2\/posts"}],"about":[{"href":"https:\/\/sites.ecclesia.pt\/cv\/wp-json\/wp\/v2\/types\/post"}],"author":[{"embeddable":true,"href":"https:\/\/sites.ecclesia.pt\/cv\/wp-json\/wp\/v2\/users\/1"}],"replies":[{"embeddable":true,"href":"https:\/\/sites.ecclesia.pt\/cv\/wp-json\/wp\/v2\/comments?post=20630"}],"version-history":[{"count":0,"href":"https:\/\/sites.ecclesia.pt\/cv\/wp-json\/wp\/v2\/posts\/20630\/revisions"}],"wp:attachment":[{"href":"https:\/\/sites.ecclesia.pt\/cv\/wp-json\/wp\/v2\/media?parent=20630"}],"wp:term":[{"taxonomy":"category","embeddable":true,"href":"https:\/\/sites.ecclesia.pt\/cv\/wp-json\/wp\/v2\/categories?post=20630"},{"taxonomy":"post_tag","embeddable":true,"href":"https:\/\/sites.ecclesia.pt\/cv\/wp-json\/wp\/v2\/tags?post=20630"}],"curies":[{"name":"wp","href":"https:\/\/api.w.org\/{rel}","templated":true}]}}