{"id":20632,"date":"2012-09-06T10:43:00","date_gmt":"2012-09-06T10:43:00","guid":{"rendered":"http:\/\/localhost:81\/wp1\/?p=20632"},"modified":"2012-09-06T10:43:00","modified_gmt":"2012-09-06T10:43:00","slug":"a-regua-de-joao-xxiii","status":"publish","type":"post","link":"https:\/\/sites.ecclesia.pt\/cv\/a-regua-de-joao-xxiii\/","title":{"rendered":"A r\u00e9gua de Jo\u00e3o XXIII"},"content":{"rendered":"<p>Rir e Pensar <!--more--> H\u00e1 50 anos, precisamente em julho de 1962, quando um calor sufocante fazia transpirar os cardeais nas comiss\u00f5es de trabalho conciliares \u2013 estava-se na prepara\u00e7\u00e3o do Conc\u00edlio Vaticano II \u2013, o Papa Jo\u00e3o XXIII come\u00e7ou a distanciar-se de alguns esbo\u00e7os preliminares. Conta Juan Masi\u00e1, citando o bi\u00f3grafo dos Papas, P. Hebblethwaite: Um dia o bom Papa Jo\u00e3o \u201cmediu uma p\u00e1gina com a sua r\u00e9gua e disse: \u2018Quinze cent\u00edmetros de condena\u00e7\u00f5es e apenas dois cent\u00edmetros de louvor. Porventura \u00e9 este o modo de dialogar com o mundo contempor\u00e2neo?<\/p>\n<p>Anselmo Borges, no \u201cDi\u00e1rio de Not\u00edcias\u201d de 25 de agosto de 2012<\/p>\n","protected":false},"excerpt":{"rendered":"<p>Rir e Pensar<\/p>\n","protected":false},"author":1,"featured_media":0,"comment_status":"open","ping_status":"open","sticky":false,"template":"","format":"standard","meta":{"footnotes":""},"categories":[52],"tags":[],"class_list":["post-20632","post","type-post","status-publish","format-standard","hentry","category-espiritualidade"],"_links":{"self":[{"href":"https:\/\/sites.ecclesia.pt\/cv\/wp-json\/wp\/v2\/posts\/20632","targetHints":{"allow":["GET"]}}],"collection":[{"href":"https:\/\/sites.ecclesia.pt\/cv\/wp-json\/wp\/v2\/posts"}],"about":[{"href":"https:\/\/sites.ecclesia.pt\/cv\/wp-json\/wp\/v2\/types\/post"}],"author":[{"embeddable":true,"href":"https:\/\/sites.ecclesia.pt\/cv\/wp-json\/wp\/v2\/users\/1"}],"replies":[{"embeddable":true,"href":"https:\/\/sites.ecclesia.pt\/cv\/wp-json\/wp\/v2\/comments?post=20632"}],"version-history":[{"count":0,"href":"https:\/\/sites.ecclesia.pt\/cv\/wp-json\/wp\/v2\/posts\/20632\/revisions"}],"wp:attachment":[{"href":"https:\/\/sites.ecclesia.pt\/cv\/wp-json\/wp\/v2\/media?parent=20632"}],"wp:term":[{"taxonomy":"category","embeddable":true,"href":"https:\/\/sites.ecclesia.pt\/cv\/wp-json\/wp\/v2\/categories?post=20632"},{"taxonomy":"post_tag","embeddable":true,"href":"https:\/\/sites.ecclesia.pt\/cv\/wp-json\/wp\/v2\/tags?post=20632"}],"curies":[{"name":"wp","href":"https:\/\/api.w.org\/{rel}","templated":true}]}}