{"id":20694,"date":"2012-09-19T17:08:00","date_gmt":"2012-09-19T17:08:00","guid":{"rendered":"http:\/\/localhost:81\/wp1\/?p=20694"},"modified":"2012-09-19T17:08:00","modified_gmt":"2012-09-19T17:08:00","slug":"perdoa-me-por-representar-a-minha-personagem","status":"publish","type":"post","link":"https:\/\/sites.ecclesia.pt\/cv\/perdoa-me-por-representar-a-minha-personagem\/","title":{"rendered":"Perdoa-me por representar a minha personagem"},"content":{"rendered":"<p>Poema <!--more--> Esta noite, Senhor, pe\u00e7o-te que, para sempre,<\/p>\n<p>me livres da minha preocupa\u00e7\u00e3o de parecer.<\/p>\n<p>Perdoa-me por estar demasiado preocupado<\/p>\n<p>com a impress\u00e3o que dou,<\/p>\n<p>com o efeito que produzo,<\/p>\n<p>com o que se pensa de mim.<\/p>\n<p>Perdoa-me por querer parecer aos outros,<\/p>\n<p>esquecendo-me de mim mesmo,<\/p>\n<p>por invejar as suas qualidades,<\/p>\n<p>esquecendo-me de desenvolver as minhas.<\/p>\n<p>Perdoa-me o tempo que passei <\/p>\n<p>a representar a minha personagem<\/p>\n<p>e o tempo perdido a construir a minha pessoa.<\/p>\n<p>Mas concede-me que morra para o estranho que eu era<\/p>\n<p>a fim de que eu possa nascer para mim mesmo<\/p>\n<p>porque nunca conhecerei a minha casa, se me recusar sair dela,<\/p>\n<p>nunca me encontrarei, se me recusar perder-me.<\/p>\n<p>Por fim, concede-me que me abra totalmente aos meus irm\u00e3os.<\/p>\n<p>Ent\u00e3o, Senhor, por eles, poder\u00e1s vir at\u00e9 mim<\/p>\n<p>como em casa do teu amigo.<\/p>\n<p>E far\u00e1s de mim esta \u00abpessoa\u00bb com que, no teu amor, sonhas,<\/p>\n<p>porque serei teu filho, \u00f3 Pai,<\/p>\n<p>e um irm\u00e3o para meus irm\u00e3os.<\/p>\n<p>Michel Quoist<\/p>\n<p>(1921-1997)<\/p>\n","protected":false},"excerpt":{"rendered":"<p>Poema<\/p>\n","protected":false},"author":1,"featured_media":0,"comment_status":"open","ping_status":"open","sticky":false,"template":"","format":"standard","meta":{"footnotes":""},"categories":[52],"tags":[],"class_list":["post-20694","post","type-post","status-publish","format-standard","hentry","category-espiritualidade"],"_links":{"self":[{"href":"https:\/\/sites.ecclesia.pt\/cv\/wp-json\/wp\/v2\/posts\/20694","targetHints":{"allow":["GET"]}}],"collection":[{"href":"https:\/\/sites.ecclesia.pt\/cv\/wp-json\/wp\/v2\/posts"}],"about":[{"href":"https:\/\/sites.ecclesia.pt\/cv\/wp-json\/wp\/v2\/types\/post"}],"author":[{"embeddable":true,"href":"https:\/\/sites.ecclesia.pt\/cv\/wp-json\/wp\/v2\/users\/1"}],"replies":[{"embeddable":true,"href":"https:\/\/sites.ecclesia.pt\/cv\/wp-json\/wp\/v2\/comments?post=20694"}],"version-history":[{"count":0,"href":"https:\/\/sites.ecclesia.pt\/cv\/wp-json\/wp\/v2\/posts\/20694\/revisions"}],"wp:attachment":[{"href":"https:\/\/sites.ecclesia.pt\/cv\/wp-json\/wp\/v2\/media?parent=20694"}],"wp:term":[{"taxonomy":"category","embeddable":true,"href":"https:\/\/sites.ecclesia.pt\/cv\/wp-json\/wp\/v2\/categories?post=20694"},{"taxonomy":"post_tag","embeddable":true,"href":"https:\/\/sites.ecclesia.pt\/cv\/wp-json\/wp\/v2\/tags?post=20694"}],"curies":[{"name":"wp","href":"https:\/\/api.w.org\/{rel}","templated":true}]}}