{"id":20695,"date":"2012-09-19T17:08:00","date_gmt":"2012-09-19T17:08:00","guid":{"rendered":"http:\/\/localhost:81\/wp1\/?p=20695"},"modified":"2012-09-19T17:08:00","modified_gmt":"2012-09-19T17:08:00","slug":"teologia-da-opressao","status":"publish","type":"post","link":"https:\/\/sites.ecclesia.pt\/cv\/teologia-da-opressao\/","title":{"rendered":"Teologia da opress\u00e3o?"},"content":{"rendered":"<p>Rir e Pensar <!--more--> Uma vez, num semin\u00e1rio na Faculdade de Direito da Universidade de Coimbra, um juiz perguntou-me o que \u00e9 que eu pensava sobre a teologia da liberta\u00e7\u00e3o. Disse-lhe: \u201cPermita que lhe responda com uma pergunta: o que pensa o senhor sobre a teologia da opress\u00e3o?\u201d<\/p>\n<p>Anselmo Borges no \u201cDi\u00e1rio de Not\u00edcias\u201d <\/p>\n<p>de 1 de setembro de 2012<\/p>\n","protected":false},"excerpt":{"rendered":"<p>Rir e Pensar<\/p>\n","protected":false},"author":1,"featured_media":0,"comment_status":"open","ping_status":"open","sticky":false,"template":"","format":"standard","meta":{"footnotes":""},"categories":[52],"tags":[],"class_list":["post-20695","post","type-post","status-publish","format-standard","hentry","category-espiritualidade"],"_links":{"self":[{"href":"https:\/\/sites.ecclesia.pt\/cv\/wp-json\/wp\/v2\/posts\/20695","targetHints":{"allow":["GET"]}}],"collection":[{"href":"https:\/\/sites.ecclesia.pt\/cv\/wp-json\/wp\/v2\/posts"}],"about":[{"href":"https:\/\/sites.ecclesia.pt\/cv\/wp-json\/wp\/v2\/types\/post"}],"author":[{"embeddable":true,"href":"https:\/\/sites.ecclesia.pt\/cv\/wp-json\/wp\/v2\/users\/1"}],"replies":[{"embeddable":true,"href":"https:\/\/sites.ecclesia.pt\/cv\/wp-json\/wp\/v2\/comments?post=20695"}],"version-history":[{"count":0,"href":"https:\/\/sites.ecclesia.pt\/cv\/wp-json\/wp\/v2\/posts\/20695\/revisions"}],"wp:attachment":[{"href":"https:\/\/sites.ecclesia.pt\/cv\/wp-json\/wp\/v2\/media?parent=20695"}],"wp:term":[{"taxonomy":"category","embeddable":true,"href":"https:\/\/sites.ecclesia.pt\/cv\/wp-json\/wp\/v2\/categories?post=20695"},{"taxonomy":"post_tag","embeddable":true,"href":"https:\/\/sites.ecclesia.pt\/cv\/wp-json\/wp\/v2\/tags?post=20695"}],"curies":[{"name":"wp","href":"https:\/\/api.w.org\/{rel}","templated":true}]}}