{"id":20696,"date":"2012-09-19T17:11:00","date_gmt":"2012-09-19T17:11:00","guid":{"rendered":"http:\/\/localhost:81\/wp1\/?p=20696"},"modified":"2012-09-19T17:11:00","modified_gmt":"2012-09-19T17:11:00","slug":"ha-25-anos-na-edicao-de-18-de-setembro-de-1987","status":"publish","type":"post","link":"https:\/\/sites.ecclesia.pt\/cv\/ha-25-anos-na-edicao-de-18-de-setembro-de-1987\/","title":{"rendered":"H\u00e1 25 anos, na edi\u00e7\u00e3o de 18 de setembro de 1987"},"content":{"rendered":"<p>Mem\u00f3ria CV <!--more--> * A Igreja diocesana prepara o lan\u00e7amento do ano pastoral. Estava marcado para a Casa Diocesana, em Albergaria-a-Velha, no dia 5 de Outubro. \u201cReserve esta data e reze por esta iniciativa\u201d, pede a not\u00edcia.<\/p>\n<p>* Treze homens preparam-se para o diaconado permanente. Anuncia-se a rece\u00e7\u00e3o do leitorado para o dia 18 de outubro. No dia 22 de maio de 1988, dia de Pentecostes, seria ordenados os primeiros nove di\u00e1conos permanentes da Diocese de Aveiro.<\/p>\n<p>* Jo\u00e3o Paulo II acaba de visitar os Estados Unidos pela segunda vez. Reagan diz que todos os cidad\u00e3os do pa\u00eds, e n\u00e3o apenas os cat\u00f3licos, reconhecem o exemplo moral do papa polaco. Jo\u00e3o Paul II responde, deixando um apelo ao presidente dos EUA: \u201cQuanto mais poderosa \u00e9 uma na\u00e7\u00e3o, maior \u00e9 a sua responsabilidade internacional, maior deve ser tamb\u00e9m o seu empenho na melhoria na sorte daqueles cuja pr\u00f3pria condi\u00e7\u00e3o de humanos est\u00e1 constantemente amea\u00e7ada pela necessidade\u201d.<\/p>\n","protected":false},"excerpt":{"rendered":"<p>Mem\u00f3ria CV<\/p>\n","protected":false},"author":1,"featured_media":0,"comment_status":"open","ping_status":"open","sticky":false,"template":"","format":"standard","meta":{"footnotes":""},"categories":[56],"tags":[],"class_list":["post-20696","post","type-post","status-publish","format-standard","hentry","category-almanaque"],"_links":{"self":[{"href":"https:\/\/sites.ecclesia.pt\/cv\/wp-json\/wp\/v2\/posts\/20696","targetHints":{"allow":["GET"]}}],"collection":[{"href":"https:\/\/sites.ecclesia.pt\/cv\/wp-json\/wp\/v2\/posts"}],"about":[{"href":"https:\/\/sites.ecclesia.pt\/cv\/wp-json\/wp\/v2\/types\/post"}],"author":[{"embeddable":true,"href":"https:\/\/sites.ecclesia.pt\/cv\/wp-json\/wp\/v2\/users\/1"}],"replies":[{"embeddable":true,"href":"https:\/\/sites.ecclesia.pt\/cv\/wp-json\/wp\/v2\/comments?post=20696"}],"version-history":[{"count":0,"href":"https:\/\/sites.ecclesia.pt\/cv\/wp-json\/wp\/v2\/posts\/20696\/revisions"}],"wp:attachment":[{"href":"https:\/\/sites.ecclesia.pt\/cv\/wp-json\/wp\/v2\/media?parent=20696"}],"wp:term":[{"taxonomy":"category","embeddable":true,"href":"https:\/\/sites.ecclesia.pt\/cv\/wp-json\/wp\/v2\/categories?post=20696"},{"taxonomy":"post_tag","embeddable":true,"href":"https:\/\/sites.ecclesia.pt\/cv\/wp-json\/wp\/v2\/tags?post=20696"}],"curies":[{"name":"wp","href":"https:\/\/api.w.org\/{rel}","templated":true}]}}