{"id":20748,"date":"2012-09-19T17:10:00","date_gmt":"2012-09-19T17:10:00","guid":{"rendered":"http:\/\/localhost:81\/wp1\/?p=20748"},"modified":"2012-09-19T17:10:00","modified_gmt":"2012-09-19T17:10:00","slug":"19-setembro-na-historia-de-aveiro","status":"publish","type":"post","link":"https:\/\/sites.ecclesia.pt\/cv\/19-setembro-na-historia-de-aveiro\/","title":{"rendered":"19 setembro na hist\u00f3ria de Aveiro"},"content":{"rendered":"<p>1684 \u2014 Foi passada carta de familiar do Santo Of\u00edcio ao Padre Sebasti\u00e3o de Almeida e Carvalho, natural do lugar de Tabueira, da freguesia de Santo Andr\u00e9 de Esgueira, e a\u00ed residente; mais tarde, j\u00e1 vig\u00e1rio da igreja de S. Juli\u00e3o de Cacia, foi-lhe dada provis\u00e3o de comiss\u00e1rio do Santo Of\u00edcio, datada de 4 de Junho de 1693.<\/p>\n<p>1760 \u2014 Uma provis\u00e3o do Desembargo do Pa\u00e7o declarou extinta a ouvidoria de Montemor-o-Velho, que se anexaria a Coimbra, em compensa\u00e7\u00e3o das vilas desta correi\u00e7\u00e3o separadas para a nova cidade de Aveiro.<\/p>\n<p>1770 \u2014 Foi passada carta de familiar do Santo Of\u00edcio a Domingos Ferreira da Silva, mercador na cidade de Aveiro, natural da freguesia de S. Tom\u00e9 de Caldelas, termo de Guimar\u00e3es.<\/p>\n<p>1814 \u2014 O Bacharel Ant\u00f3nio Jos\u00e9 Cabral de Melo teve carta de provedor da Comarca de Aveiro.<\/p>\n<p>1840 \u2014 Foi passada carta de administrador-geral do Distrito de Aveiro a Ant\u00f3nio Ferreira de Carvalho Pinto de Meneses.<\/p>\n<p>1893 \u2014 El-Rei D. Carlos passou na esta\u00e7\u00e3o do caminho-de-ferro, em dire\u00e7\u00e3o ao Porto, onde foi assistir a exerc\u00edcios militares.<\/p>\n<p>1976 \u2014 O bispo de Aveiro, D. Manuel de Almeida Trindade, procedeu \u00e0 dedica\u00e7\u00e3o lit\u00fargica da nova igreja paroquial de Santa Joana, nos sub\u00farbios de Aveiro.<\/p>\n<p>Fonte: \u201cCalend\u00e1rio Hist\u00f3rico de Aveiro\u201d, <\/p>\n<p>de Ant\u00f3nio Christo e Jo\u00e3o Gon\u00e7alves Gaspar.<\/p>\n","protected":false},"excerpt":{"rendered":"<p>1684 \u2014 Foi passada carta de familiar do Santo Of\u00edcio ao Padre Sebasti\u00e3o de Almeida e Carvalho, natural do lugar de Tabueira, da freguesia de Santo Andr\u00e9 de Esgueira, e a\u00ed residente; mais tarde, j\u00e1 vig\u00e1rio da igreja de S. Juli\u00e3o de Cacia, foi-lhe dada provis\u00e3o de comiss\u00e1rio do Santo Of\u00edcio, datada de 4 de [&hellip;]<\/p>\n","protected":false},"author":1,"featured_media":0,"comment_status":"open","ping_status":"open","sticky":false,"template":"","format":"standard","meta":{"footnotes":""},"categories":[56],"tags":[],"class_list":["post-20748","post","type-post","status-publish","format-standard","hentry","category-almanaque"],"_links":{"self":[{"href":"https:\/\/sites.ecclesia.pt\/cv\/wp-json\/wp\/v2\/posts\/20748","targetHints":{"allow":["GET"]}}],"collection":[{"href":"https:\/\/sites.ecclesia.pt\/cv\/wp-json\/wp\/v2\/posts"}],"about":[{"href":"https:\/\/sites.ecclesia.pt\/cv\/wp-json\/wp\/v2\/types\/post"}],"author":[{"embeddable":true,"href":"https:\/\/sites.ecclesia.pt\/cv\/wp-json\/wp\/v2\/users\/1"}],"replies":[{"embeddable":true,"href":"https:\/\/sites.ecclesia.pt\/cv\/wp-json\/wp\/v2\/comments?post=20748"}],"version-history":[{"count":0,"href":"https:\/\/sites.ecclesia.pt\/cv\/wp-json\/wp\/v2\/posts\/20748\/revisions"}],"wp:attachment":[{"href":"https:\/\/sites.ecclesia.pt\/cv\/wp-json\/wp\/v2\/media?parent=20748"}],"wp:term":[{"taxonomy":"category","embeddable":true,"href":"https:\/\/sites.ecclesia.pt\/cv\/wp-json\/wp\/v2\/categories?post=20748"},{"taxonomy":"post_tag","embeddable":true,"href":"https:\/\/sites.ecclesia.pt\/cv\/wp-json\/wp\/v2\/tags?post=20748"}],"curies":[{"name":"wp","href":"https:\/\/api.w.org\/{rel}","templated":true}]}}