{"id":20770,"date":"2012-09-26T16:51:00","date_gmt":"2012-09-26T16:51:00","guid":{"rendered":"http:\/\/localhost:81\/wp1\/?p=20770"},"modified":"2012-09-26T16:51:00","modified_gmt":"2012-09-26T16:51:00","slug":"ver-valores-etica-e-responsabilidade","status":"publish","type":"post","link":"https:\/\/sites.ecclesia.pt\/cv\/ver-valores-etica-e-responsabilidade\/","title":{"rendered":"VER &#8211; Valores, \u00c9tica e Responsabilidade"},"content":{"rendered":"<p>http:\/\/www.ver.pt\/  <!--more--> A \u00e9poca de crise financeira e econ\u00f3mica generalizada que assola o nosso pa\u00eds leva-nos mais uma vez a sugerir um projeto direcionado essencialmente para empres\u00e1rios, que tem como mote palavras ideais para ajudar a ultrapassar esta fase menos positiva: valores, \u00e9tica e responsabilidade.<\/p>\n<p>Surgindo pelas m\u00e3os da ACEGE (Associa\u00e7\u00e3o Crist\u00e3 de Gestores e Empres\u00e1rios), este portal online, que logo se tornou num projecto aut\u00f3nomo desta associa\u00e7\u00e3o, tem como grande \u201cobjetivo disponibilizar um servi\u00e7o de refer\u00eancia para a comunidade empresarial de l\u00edngua portuguesa com enfoque principal na promo\u00e7\u00e3o e defesa da \u00e9tica e da responsabilidade social das empresas e dos seus gestores\u201d.<\/p>\n<p>Ao digitarmos o endere\u00e7o http:\/\/www.ver.pt\/, encontramos um espa\u00e7o eminentemente informativo, bastante estruturado e com um f\u00e1cil acesso aos recursos dispon\u00edveis. Logo na p\u00e1gina inicial, temos os habituais destaques, que v\u00e3o desde artigos de opini\u00e3o a entrevistas e divulga\u00e7\u00e3o de eventos.<\/p>\n<p>As grandes \u00e1reas que dividem este s\u00edtio est\u00e3o catalogadas com as palavras: valores, \u00e9tica, responsabilidade, lideran\u00e7a, inova\u00e7\u00e3o, sustentabilidade e ser +, onde cada uma possui artigos directamente relacionados com a designa\u00e7\u00e3o em causa. \u00c9 de destacar a qualidade dos textos apresentados, na sua maioria redigidos por reconhecidas personalidades do panorama empresarial nacional e de grandes especialistas nas mais diversas \u00e1reas da economia e da gest\u00e3o.<\/p>\n<p>Na op\u00e7\u00e3o \u201centrevistas\u201d, conforme o nome indica, acedemos a uma quantidade significativa de artigos que d\u00e3o voz a personalidades nacionais e estrangeiras. No espa\u00e7o \u201cdossiers\u201d, dispomos de textos organizados em diversas \u00e1reas tem\u00e1ticas, do ano internacional do voluntariado ao marketing digital, entre outros. Por \u00faltimo, em \u201clivros\u201d, somos convidados a conhecer diversas publica\u00e7\u00f5es relacionadas com o p\u00fablico-alvo a que se destina este portal. S\u00e3o in\u00fameros os artigos que descrevem e justificam as sugest\u00f5es de leitura que nos s\u00e3o apresentadas ao longo desta op\u00e7\u00e3o. <\/p>\n<p>Podemos ainda assinar a newsletter da VER e assim ficar a conhecer os artigos, as entrevistas e as opini\u00f5es que semanalmente s\u00e3o publicados neste portal.<\/p>\n<p>Fernando Cassola Marques<\/p>\n","protected":false},"excerpt":{"rendered":"<p>In\u00edcio<\/p>\n","protected":false},"author":1,"featured_media":0,"comment_status":"open","ping_status":"open","sticky":false,"template":"","format":"standard","meta":{"footnotes":""},"categories":[54],"tags":[],"class_list":["post-20770","post","type-post","status-publish","format-standard","hentry","category-livros-e-multimedia"],"_links":{"self":[{"href":"https:\/\/sites.ecclesia.pt\/cv\/wp-json\/wp\/v2\/posts\/20770","targetHints":{"allow":["GET"]}}],"collection":[{"href":"https:\/\/sites.ecclesia.pt\/cv\/wp-json\/wp\/v2\/posts"}],"about":[{"href":"https:\/\/sites.ecclesia.pt\/cv\/wp-json\/wp\/v2\/types\/post"}],"author":[{"embeddable":true,"href":"https:\/\/sites.ecclesia.pt\/cv\/wp-json\/wp\/v2\/users\/1"}],"replies":[{"embeddable":true,"href":"https:\/\/sites.ecclesia.pt\/cv\/wp-json\/wp\/v2\/comments?post=20770"}],"version-history":[{"count":0,"href":"https:\/\/sites.ecclesia.pt\/cv\/wp-json\/wp\/v2\/posts\/20770\/revisions"}],"wp:attachment":[{"href":"https:\/\/sites.ecclesia.pt\/cv\/wp-json\/wp\/v2\/media?parent=20770"}],"wp:term":[{"taxonomy":"category","embeddable":true,"href":"https:\/\/sites.ecclesia.pt\/cv\/wp-json\/wp\/v2\/categories?post=20770"},{"taxonomy":"post_tag","embeddable":true,"href":"https:\/\/sites.ecclesia.pt\/cv\/wp-json\/wp\/v2\/tags?post=20770"}],"curies":[{"name":"wp","href":"https:\/\/api.w.org\/{rel}","templated":true}]}}