{"id":20789,"date":"2012-09-06T10:33:00","date_gmt":"2012-09-06T10:33:00","guid":{"rendered":"http:\/\/localhost:81\/wp1\/?p=20789"},"modified":"2012-09-06T10:33:00","modified_gmt":"2012-09-06T10:33:00","slug":"atividades-da-pastoral-juvenil-diocesana-ate-ao-final-do-ano","status":"publish","type":"post","link":"https:\/\/sites.ecclesia.pt\/cv\/atividades-da-pastoral-juvenil-diocesana-ate-ao-final-do-ano\/","title":{"rendered":"Atividades da pastoral juvenil diocesana at\u00e9 ao final do ano"},"content":{"rendered":"<p>A calendariza\u00e7\u00e3o deste ano do SDPJV Aveiro tem o seu pilar fundamental na celebra\u00e7\u00e3o da Miss\u00e3o Jubilar da Diocese de Aveiro. Ela \u00e9 o nosso horizonte. A calendariza\u00e7\u00e3o da Miss\u00e3o, j\u00e1 apresentada, \u00e9 a matriz principal. Este calend\u00e1rio deve ser, por isso, encaixado nesse.<\/p>\n<p>\u00c9 f\u00e1cil de constatar que h\u00e1 atividades que eram \u201chabituais\u201d que n\u00e3o constam do calend\u00e1rio, ap\u00f3s reflex\u00e3o do Conselho Diocesano de Pastoral Juvenil e Vocacional. Cabe aos animadores gerir as expectativas dos jovens e motiv\u00e1-los para toda a din\u00e2mica jubilar.<\/p>\n<p>Quanto aos animadores, chamamos a aten\u00e7\u00e3o para as propostas formativas da pr\u00f3pria Miss\u00e3o (catequeses quaresmais e sess\u00f5es debate) e o seu papel fundamental como agentes da Miss\u00e3o. Esta \u00e9 a hora!<\/p>\n<p>Apresentam-se, neste momento, apenas as atividades que v\u00e3o decorrer at\u00e9 ao final de 2012.<\/p>\n<p>&#8211; Todas as 6\u00aas feiras, das 21h \u00e0s 22h, programa de r\u00e1dio \u201dSoltar a Corrente\u201d, na R\u00e1dio Terra-Nova, em 105.0 FM ou www.terranova.pt <\/p>\n<p>SETEMBRO 2012 <\/p>\n<p>08 e 09 \u2013 39.\u00ba Encontro Nacional de Convivas, F\u00e1tima (\u00e2mbito nacional) <\/p>\n<p>21 \u2013 Ora\u00e7\u00e3o de Taiz\u00e9, Capela de S. Gon\u00e7alinho, 21h30<\/p>\n<p>OUTUBRO 2012<\/p>\n<p>19 e 20 \u2013 Jornadas de Pastoral Juvenil Nacionais \u201cF\u00e9 e Nova Evangeliza\u00e7\u00e3o\u201d, F\u00e1tima (\u00e2mbito nacional)<\/p>\n<p>19 \u2013 Ora\u00e7\u00e3o de Taiz\u00e9, Capela de S. Gon\u00e7alinho, 21h30<\/p>\n<p>21 \u2013 In\u00edcio solene e festivo da Miss\u00e3o Jubilar da Diocese, 14h30, S\u00e9 de Aveiro <\/p>\n<p>26 e 27 \u2013 IX F\u00f3rum Nacional das Voca\u00e7\u00f5es, F\u00e1tima (\u00e2mbito nacional)<\/p>\n<p>NOVEMBRO 2012 <\/p>\n<p>03 \u2013 A3, Assembleia de Animadores de Aveiro <\/p>\n<p>10 \u2013 XIV F\u00f3rum Ecum\u00e9nico Jovem, Col\u00e9gio dos \u00d3rf\u00e3os, Porto (\u00e2mbito nacional) <\/p>\n<p>16 \u2013 Ora\u00e7\u00e3o de Taiz\u00e9, Capela de S. Gon\u00e7alinho, 21h30<\/p>\n<p>DEZEMBRO 2012 <\/p>\n<p>01 \u2013 Festival Nacional da Can\u00e7\u00e3o Mensagem, Centro Paulo VI, F\u00e1tima (\u00e2mbito nacional) <\/p>\n<p>21 \u2013 Ora\u00e7\u00e3o de Taiz\u00e9, Capela de S. Gon\u00e7alinho, 21h30 <\/p>\n<p>28 a 02 de janeiro de 2013- Encontro Europeu de Taiz\u00e9, Roma (\u00e2mbito internacional)<\/p>\n","protected":false},"excerpt":{"rendered":"<p>A calendariza\u00e7\u00e3o deste ano do SDPJV Aveiro tem o seu pilar fundamental na celebra\u00e7\u00e3o da Miss\u00e3o Jubilar da Diocese de Aveiro. Ela \u00e9 o nosso horizonte. A calendariza\u00e7\u00e3o da Miss\u00e3o, j\u00e1 apresentada, \u00e9 a matriz principal. Este calend\u00e1rio deve ser, por isso, encaixado nesse. \u00c9 f\u00e1cil de constatar que h\u00e1 atividades que eram \u201chabituais\u201d que [&hellip;]<\/p>\n","protected":false},"author":1,"featured_media":0,"comment_status":"open","ping_status":"open","sticky":false,"template":"","format":"standard","meta":{"footnotes":""},"categories":[51],"tags":[],"class_list":["post-20789","post","type-post","status-publish","format-standard","hentry","category-jovens"],"_links":{"self":[{"href":"https:\/\/sites.ecclesia.pt\/cv\/wp-json\/wp\/v2\/posts\/20789","targetHints":{"allow":["GET"]}}],"collection":[{"href":"https:\/\/sites.ecclesia.pt\/cv\/wp-json\/wp\/v2\/posts"}],"about":[{"href":"https:\/\/sites.ecclesia.pt\/cv\/wp-json\/wp\/v2\/types\/post"}],"author":[{"embeddable":true,"href":"https:\/\/sites.ecclesia.pt\/cv\/wp-json\/wp\/v2\/users\/1"}],"replies":[{"embeddable":true,"href":"https:\/\/sites.ecclesia.pt\/cv\/wp-json\/wp\/v2\/comments?post=20789"}],"version-history":[{"count":0,"href":"https:\/\/sites.ecclesia.pt\/cv\/wp-json\/wp\/v2\/posts\/20789\/revisions"}],"wp:attachment":[{"href":"https:\/\/sites.ecclesia.pt\/cv\/wp-json\/wp\/v2\/media?parent=20789"}],"wp:term":[{"taxonomy":"category","embeddable":true,"href":"https:\/\/sites.ecclesia.pt\/cv\/wp-json\/wp\/v2\/categories?post=20789"},{"taxonomy":"post_tag","embeddable":true,"href":"https:\/\/sites.ecclesia.pt\/cv\/wp-json\/wp\/v2\/tags?post=20789"}],"curies":[{"name":"wp","href":"https:\/\/api.w.org\/{rel}","templated":true}]}}